{"id":32528,"date":"2025-10-16T08:00:42","date_gmt":"2025-10-16T11:00:42","guid":{"rendered":"https:\/\/gilpimentel.com.br\/site\/?p=32528"},"modified":"2025-10-17T16:35:31","modified_gmt":"2025-10-17T19:35:31","slug":"de-volta-a-porto-alegre-o-grande-encontro-musica-dos-gauchos-encerra-turne-que-mobilizou-mais-de-50-mil-pessoas-pelo-estado-em-2025-e-celebra-11a-edicao-no-araujo-vianna","status":"publish","type":"post","link":"https:\/\/gilpimentel.com.br\/site\/de-volta-a-porto-alegre-o-grande-encontro-musica-dos-gauchos-encerra-turne-que-mobilizou-mais-de-50-mil-pessoas-pelo-estado-em-2025-e-celebra-11a-edicao-no-araujo-vianna\/","title":{"rendered":"DE VOLTA A PORTO ALEGRE, \u201cO GRANDE ENCONTRO \u2013 M\u00daSICA DOS GA\u00daCHOS\u201d ENCERRA TURN\u00ca QUE MOBILIZOU MAIS DE 50 MIL PESSOAS PELO ESTADO EM 2025 E CELEBRA 11\u00aa EDI\u00c7\u00c3O NO ARA\u00daJO VIANNA"},"content":{"rendered":"<p>Depois de uma jornada que cruzou o Rio Grande do Sul de ponta a ponta, reunindo mais de 50 mil espectadores em pra\u00e7as e grandes espa\u00e7os culturais, o espet\u00e1culo \u201cO Grande Encontro \u2013 M\u00fasica dos Ga\u00fachos\u201d retorna a Porto Alegre para celebrar sua 11\u00aa edi\u00e7\u00e3o. A apresenta\u00e7\u00e3o acontece no dia 4 de novembro de 2025, \u00e0s 20h30min, no Audit\u00f3rio Ara\u00fajo Vianna, e promete uma noite de pura celebra\u00e7\u00e3o \u00e0 identidade musical do Estado.<\/p>\n<p>A nova edi\u00e7\u00e3o marca o encerramento da turn\u00ea Reconstruindo o Rio Grande, que levou o projeto a oito cidades \u2014 entre elas, Cap\u00e3o da Canoa, Santa Maria, Uruguaiana, Caxias do Sul, Pelotas, Passo Fundo e S\u00e3o Miguel das Miss\u00f5es. A proposta foi transformar o encontro em uma experi\u00eancia itinerante, capaz de aproximar gera\u00e7\u00f5es e reviver o esp\u00edrito coletivo da m\u00fasica regional.<\/p>\n<p>No palco do Ara\u00fajo Vianna, mais de 80 m\u00fasicos dividem a cena em parcerias in\u00e9ditas e reencontros emocionantes. Est\u00e3o confirmados nomes como Elton Saldanha, Neto Fagundes, Renato Borghetti, Os Serranos, Ernesto Fagundes, Shana M\u00fcller, Joca Martins, C\u00e9sar Oliveira e Rog\u00e9rio Melo, Daniel Torres, Loma Pereira, Jo\u00e3o Luiz Corr\u00eaa, Mauro Moraes, Dante Ramon Ledesma, \u00c9rlon P\u00e9ricles, Luiza Barbosa, Gilberto Monteiro, Cristiano Quevedo, Juliana Spanevello, Vin\u00edcius Brum, Marcello Caminha, Pirisca Grecco, S\u00e9rgio Rojas, Analise Severo, Alejandro Brittes, Tati\u00e9li Bueno, D\u00e9lcio Tavares, Walther Morais, Marcelo Oliveira, Fl\u00e1vio Hansen, Maria Alice, \u00c2ngelo Franco, Victor Hugo, Wilson Paim, Rock de Galp\u00e3o, Lara Rossato, Oswaldir, Quartch\u00eato, Lincon Ramos, Cristina Sorrentino, Jean Kirchoff, Capit\u00e3o Faustino, Charlise Bandeira, Ricardo Bergha, Paysanos Trio, Paullo Costa, Aline Bosa, Robison Boeira, Ricardo Comassetto, Su Paz, Nenito Sarturi, Regis Marques, Quarteto Cora\u00e7\u00e3o de Potro e Ga\u00facho da Fronteira.<\/p>\n<p>&nbsp;<\/p>\n<p>\u201cO Grande Encontro \u00e9 mais do que um show: \u00e9 uma celebra\u00e7\u00e3o da alma ga\u00facha, da nossa cultura e da nossa gente. Cada edi\u00e7\u00e3o \u00e9 um abra\u00e7o coletivo que reafirma o amor pela m\u00fasica feita aqui\u201d, resume Caetano dos Anjos, filho do produtor musical Ayrton dos Anjos, o Patineti, idealizador do projeto, cujo legado ele passou a conduzir desde o ano passado.<\/p>\n<p>Uma heran\u00e7a em movimento<\/p>\n<p>Criado em 2013, o projeto soma 19 apresenta\u00e7\u00f5es e se consolidou como um dos maiores eventos musicais da \u00faltima d\u00e9cada no Rio Grande do Sul. Vencedor do Pr\u00eamio A\u00e7orianos de M\u00fasica como \u201cEspet\u00e1culo do Ano\u201d, o Grande Encontro j\u00e1 foi destaque entre os melhores shows do ano do jornal Zero Hora, e emocionou o p\u00fablico com a vers\u00e3o sinf\u00f4nica de 2015, acompanhada pela Orquestra Sinf\u00f4nica de Porto Alegre (OSPA).<\/p>\n<p>Mais do que uma retrospectiva de sucessos, o espet\u00e1culo prop\u00f5e um olhar generoso sobre a pr\u00f3pria trajet\u00f3ria da m\u00fasica regional. A cada edi\u00e7\u00e3o, antigos e novos int\u00e9rpretes dividem o palco para reafirmar o que nunca deixou de pulsar: a for\u00e7a da tradi\u00e7\u00e3o ga\u00facha reinventada pelo tempo.<\/p>\n<p>O reencontro com o Ara\u00fajo Vianna<\/p>\n<p>Encerrar o ano no Audit\u00f3rio Ara\u00fajo Vianna \u00e9, para os organizadores, um gesto simb\u00f3lico. Foi ali que o projeto se firmou, ainda na primeira edi\u00e7\u00e3o, como um encontro entre passado e presente \u2014 entre o palco e a plateia, entre o campo e a cidade.<\/p>\n<p>O evento \u00e9 uma realiza\u00e7\u00e3o da Los Anjos Produ\u00e7\u00f5es, Angel Produ\u00e7\u00f5es e Minist\u00e9rio da Cultura, com patroc\u00ednio do Banrisul e da Rio Grande Seguros e Previd\u00eancia, e apoio da Abramus. Mais informa\u00e7\u00f5es e atualiza\u00e7\u00f5es sobre o espet\u00e1culo est\u00e3o dispon\u00edveis no perfil oficial do projeto no Instagram: @ograndeencontro.gaucho.<\/p>\n<p>&nbsp;<\/p>\n<p>SERVI\u00c7O<\/p>\n<p>&nbsp;<\/p>\n<p>Minist\u00e9rio da Cultura apresenta:<\/p>\n<p>O Grande Encontro \u2013 M\u00fasica dos Ga\u00fachos \u2013 11\u00aa Edi\u00e7\u00e3o<\/p>\n<p>\ud83d\udcc5 4 de novembro de 2025 (ter\u00e7a-feira), \u00e0s 20h30min<\/p>\n<p>\ud83d\udccd Audit\u00f3rio Ara\u00fajo Vianna (Parque Farroupilha, 685 \u2013 Porto Alegre\/RS)<\/p>\n<p>\ud83c\udf9f\ufe0f Ingressos \u00e0 venda pelo Sympla a partir de R$ 45<\/p>\n<p>https:\/\/bileto.sympla.com.br\/event\/110711\/d\/338489?share_id=1-copiarlink&#038;fbclid=PAZXh0bgNhZW0CMTEAAafruSWwIHC07jX0_yvMlgrKexq_gy_AQZuKyLbp5JILQEk-Z65A7jHLuCLGkA_aem_36FUSB7NA4p2Sskw63Qbkw<\/p>\n<p>Realiza\u00e7\u00e3o: Los Anjos Produ\u00e7\u00f5es, Angel Produ\u00e7\u00f5es, Minist\u00e9rio da Cultura \u2013 Governo Federal<\/p>\n<p>Patroc\u00ednio: Banrisul e Rio Grande Seguros e Previd\u00eancia<\/p>\n<p>Apoio: Abramus<\/p>\n<p>&nbsp;<\/p>\n<p>Artistas confirmados:<\/p>\n<p>Elton Saldanha, Neto Fagundes, Renato Borghetti, Os Serranos, Ernesto Fagundes, Shana M\u00fcller, Joca Martins, C\u00e9sar Oliveira e Rog\u00e9rio Melo, Daniel Torres, Loma Pereira, Jo\u00e3o Luiz Corr\u00eaa, Mauro Moraes, Dante Ramon Ledesma, \u00c9rlon P\u00e9ricles, Luiza Barbosa, Gilberto Monteiro, Cristiano Quevedo, Juliana Spanevello, Vin\u00edcius Brum, Marcello Caminha, Pirisca Grecco, S\u00e9rgio Rojas, Analise Severo, Alejandro Brittes, Tati\u00e9li Bueno, D\u00e9lcio Tavares, Walther Morais, Marcelo Oliveira, Fl\u00e1vio Hansen, Maria Alice, \u00c2ngelo Franco, Victor Hugo, Wilson Paim, Rock de Galp\u00e3o, Lara Rossato, Oswaldir, Quartch\u00eato, Lincon Ramos, Cristina Sorrentino, Jean Kirchoff, Capit\u00e3o Faustino, Charlise Bandeira, Ricardo Bergha, Paysanos Trio, Paullo Costa, Aline Bosa, Robison Boeira, Ricardo Comassetto, Su Paz, Nenito Sarturi, Regis Marques, Quarteto Cora\u00e7\u00e3o de Potro e Ga\u00facho da Fronteira.<\/p>\n<p>&nbsp;<\/p>\n<p>Banda base: Paulinho Goulart, Guilherme Castilhos, Guilherme Goulart, Gustavo Brodinho, Ariane Wink, Bruno Coelho, Rafael Bisogno, Lazaro Nascimento e Texo Cabral.<\/p>\n","protected":false},"excerpt":{"rendered":"<p>Depois de uma jornada que cruzou o Rio Grande do Sul de ponta a ponta, reunindo mais de 50 mil espectadores em pra\u00e7as e grandes &hellip; <\/p>\n","protected":false},"author":2,"featured_media":32529,"comment_status":"closed","ping_status":"closed","sticky":false,"template":"","format":"standard","meta":{"footnotes":""},"categories":[2],"tags":[],"class_list":["post-32528","post","type-post","status-publish","format-standard","has-post-thumbnail","hentry","category-noticias","latest_post"],"_links":{"self":[{"href":"https:\/\/gilpimentel.com.br\/site\/wp-json\/wp\/v2\/posts\/32528","targetHints":{"allow":["GET"]}}],"collection":[{"href":"https:\/\/gilpimentel.com.br\/site\/wp-json\/wp\/v2\/posts"}],"about":[{"href":"https:\/\/gilpimentel.com.br\/site\/wp-json\/wp\/v2\/types\/post"}],"author":[{"embeddable":true,"href":"https:\/\/gilpimentel.com.br\/site\/wp-json\/wp\/v2\/users\/2"}],"replies":[{"embeddable":true,"href":"https:\/\/gilpimentel.com.br\/site\/wp-json\/wp\/v2\/comments?post=32528"}],"version-history":[{"count":1,"href":"https:\/\/gilpimentel.com.br\/site\/wp-json\/wp\/v2\/posts\/32528\/revisions"}],"predecessor-version":[{"id":32530,"href":"https:\/\/gilpimentel.com.br\/site\/wp-json\/wp\/v2\/posts\/32528\/revisions\/32530"}],"wp:featuredmedia":[{"embeddable":true,"href":"https:\/\/gilpimentel.com.br\/site\/wp-json\/wp\/v2\/media\/32529"}],"wp:attachment":[{"href":"https:\/\/gilpimentel.com.br\/site\/wp-json\/wp\/v2\/media?parent=32528"}],"wp:term":[{"taxonomy":"category","embeddable":true,"href":"https:\/\/gilpimentel.com.br\/site\/wp-json\/wp\/v2\/categories?post=32528"},{"taxonomy":"post_tag","embeddable":true,"href":"https:\/\/gilpimentel.com.br\/site\/wp-json\/wp\/v2\/tags?post=32528"}],"curies":[{"name":"wp","href":"https:\/\/api.w.org\/{rel}","templated":true}]}}