{"id":32525,"date":"2025-10-16T07:30:43","date_gmt":"2025-10-16T10:30:43","guid":{"rendered":"https:\/\/gilpimentel.com.br\/site\/?p=32525"},"modified":"2025-10-17T16:34:09","modified_gmt":"2025-10-17T19:34:09","slug":"peito-de-marreco-com-geleia-de-maca-e-legumes-assados","status":"publish","type":"post","link":"https:\/\/gilpimentel.com.br\/site\/peito-de-marreco-com-geleia-de-maca-e-legumes-assados\/","title":{"rendered":"PEITO DE MARRECO COM GELEIA DE MA\u00c7\u00c3 E LEGUMES ASSADOS"},"content":{"rendered":"<p>Empresa de Brusque celebra o sucesso de seu marreco recheado certificado com o Selo Arte e compartilha preparo especial para surpreender \u00e0 mesa<\/p>\n<p>&nbsp;<\/p>\n<p>Reconhecida pelo seu marreco temperado e recheado com sabor caseiro, a Kiave, de Brusque (SC), possui o Selo Arte \u2014 certifica\u00e7\u00e3o que garante a origem artesanal e a qualidade de seus produtos feitos com ingredientes locais e t\u00e9cnicas tradicionais. Com o sucesso nas feiras e eventos gastron\u00f4micos, a exemplo da Oktoberfest de Blumenau, a marca agora inspira o p\u00fablico a levar o mesmo sabor aut\u00eantico para casa, com receitas que exaltam o melhor da culin\u00e1ria regional. Conhe\u00e7a uma sugest\u00e3o da Kiave para transformar o tradicional marreco em um prato sofisticado e cheio de personalidade: Peito de marreco com geleia de ma\u00e7\u00e3 e legumes assados. A receita \u00e9 assinada pela chef Hellamari Hohl.<\/p>\n<p>&nbsp;<\/p>\n<p>Peito de marreco com geleia de ma\u00e7\u00e3 e legumes assados<\/p>\n<p>&nbsp;<\/p>\n<p>Ingredientes<\/p>\n<p>Para o marreco:<\/p>\n<p>&nbsp;<\/p>\n<p>2 peitos de marreco desossados<\/p>\n<p>&nbsp;<\/p>\n<p>4 batatas m\u00e9dias<\/p>\n<p>&nbsp;<\/p>\n<p>4 cebolas m\u00e9dias<\/p>\n<p>&nbsp;<\/p>\n<p>2 ma\u00e7\u00e3s verdes<\/p>\n<p>&nbsp;<\/p>\n<p>1 ramo de alecrim fresco<\/p>\n<p>&nbsp;<\/p>\n<p>Sal e pimenta-do-reino a gosto<\/p>\n<p>&nbsp;<\/p>\n<p>1 colher (sopa) de manteiga<\/p>\n<p>&nbsp;<\/p>\n<p>1 colher (sopa) de azeite de oliva<\/p>\n<p>&nbsp;<\/p>\n<p>Para a geleia de ma\u00e7\u00e3:<\/p>\n<p>&nbsp;<\/p>\n<p>2 ma\u00e7\u00e3s verdes raladas com casca<\/p>\n<p>&nbsp;<\/p>\n<p>Suco de 1 lim\u00e3o-taiti<\/p>\n<p>&nbsp;<\/p>\n<p>2 colheres (sopa) de a\u00e7\u00facar<\/p>\n<p>&nbsp;<\/p>\n<p>1 colher (sopa) de canela em p\u00f3<\/p>\n<p>&nbsp;<\/p>\n<p>3 cravos<\/p>\n<p>&nbsp;<\/p>\n<p>\u00bd x\u00edcara (ch\u00e1) de \u00e1gua<\/p>\n<p>&nbsp;<\/p>\n<p>Modo de preparo<\/p>\n<p>&nbsp;<\/p>\n<p>Prepare a geleia de ma\u00e7\u00e3:<\/p>\n<p>Em uma panela m\u00e9dia, misture as ma\u00e7\u00e3s raladas, o suco de lim\u00e3o, o a\u00e7\u00facar, a canela, os cravos e a \u00e1gua.<\/p>\n<p>&nbsp;<\/p>\n<p>Cozinhe em fogo m\u00e9dio, mexendo de vez em quando, at\u00e9 obter uma consist\u00eancia de pur\u00ea ou geleia. Reserve.<\/p>\n<p>&nbsp;<\/p>\n<p>Prepare o marreco:<\/p>\n<p>Tempere os peitos de marreco com sal e pimenta-do-reino.<\/p>\n<p>&nbsp;<\/p>\n<p>Com cuidado, solte parcialmente a pele da carne usando uma colher de ch\u00e1 ou as m\u00e3os, sem destac\u00e1-la totalmente.<\/p>\n<p>&nbsp;<\/p>\n<p>Recheie o interior com a geleia de ma\u00e7\u00e3, mantendo o formato da pe\u00e7a.<\/p>\n<p>&nbsp;<\/p>\n<p>Em uma assadeira, espalhe a manteiga e o azeite e disponha o marreco com a pele virada para cima.<\/p>\n<p>&nbsp;<\/p>\n<p>Corte as batatas, cebolas e ma\u00e7\u00e3s restantes em quatro partes, tempere com sal, pimenta e alecrim e distribua ao redor do marreco.<\/p>\n<p>&nbsp;<\/p>\n<p>Leve ao forno preaquecido a 190 \u00b0C por aproximadamente 1 hora, regando de tempos em tempos com o pr\u00f3prio molho para garantir sabor e sucul\u00eancia.<\/p>\n<p>&nbsp;<\/p>\n<p>Dica de apresenta\u00e7\u00e3o:<\/p>\n<p>&nbsp;<\/p>\n<p>Sirva o marreco em fatias, acompanhado dos legumes assados e finalizado com um toque da geleia de ma\u00e7\u00e3 e fios de azeite de oliva.<\/p>\n<p>&nbsp;<\/p>\n<p>Sugest\u00e3o Kiave<\/p>\n<p>Para um menu completo, harmonize o prato com o Risoto de Marreco \u2014 receita tradicional que tamb\u00e9m leva a assinatura da marca e valoriza os cortes artesanais produzidos no Vale do Itaja\u00ed.<\/p>\n<p>&nbsp;<\/p>\n<p>Sobre a Kiave<\/p>\n<p>&nbsp;<\/p>\n<p>A Kiave \u00e9 uma empresa de Brusque (SC) reconhecida pela produ\u00e7\u00e3o artesanal de carnes com Selo Arte, priorizando ingredientes locais e t\u00e9cnicas manuais que mant\u00eam viva a tradi\u00e7\u00e3o catarinense. Seus produtos s\u00e3o destaque em eventos nacionais, como o Gastron\u00f4made e a Oktoberfest, levando o sabor do Vale do Itaja\u00ed a diferentes regi\u00f5es do pa\u00eds.<\/p>\n","protected":false},"excerpt":{"rendered":"<p>Empresa de Brusque celebra o sucesso de seu marreco recheado certificado com o Selo Arte e compartilha preparo especial para surpreender \u00e0 mesa &nbsp; Reconhecida &hellip; <\/p>\n","protected":false},"author":2,"featured_media":32526,"comment_status":"closed","ping_status":"closed","sticky":false,"template":"","format":"standard","meta":{"footnotes":""},"categories":[2],"tags":[],"class_list":["post-32525","post","type-post","status-publish","format-standard","has-post-thumbnail","hentry","category-noticias","latest_post"],"_links":{"self":[{"href":"https:\/\/gilpimentel.com.br\/site\/wp-json\/wp\/v2\/posts\/32525","targetHints":{"allow":["GET"]}}],"collection":[{"href":"https:\/\/gilpimentel.com.br\/site\/wp-json\/wp\/v2\/posts"}],"about":[{"href":"https:\/\/gilpimentel.com.br\/site\/wp-json\/wp\/v2\/types\/post"}],"author":[{"embeddable":true,"href":"https:\/\/gilpimentel.com.br\/site\/wp-json\/wp\/v2\/users\/2"}],"replies":[{"embeddable":true,"href":"https:\/\/gilpimentel.com.br\/site\/wp-json\/wp\/v2\/comments?post=32525"}],"version-history":[{"count":1,"href":"https:\/\/gilpimentel.com.br\/site\/wp-json\/wp\/v2\/posts\/32525\/revisions"}],"predecessor-version":[{"id":32527,"href":"https:\/\/gilpimentel.com.br\/site\/wp-json\/wp\/v2\/posts\/32525\/revisions\/32527"}],"wp:featuredmedia":[{"embeddable":true,"href":"https:\/\/gilpimentel.com.br\/site\/wp-json\/wp\/v2\/media\/32526"}],"wp:attachment":[{"href":"https:\/\/gilpimentel.com.br\/site\/wp-json\/wp\/v2\/media?parent=32525"}],"wp:term":[{"taxonomy":"category","embeddable":true,"href":"https:\/\/gilpimentel.com.br\/site\/wp-json\/wp\/v2\/categories?post=32525"},{"taxonomy":"post_tag","embeddable":true,"href":"https:\/\/gilpimentel.com.br\/site\/wp-json\/wp\/v2\/tags?post=32525"}],"curies":[{"name":"wp","href":"https:\/\/api.w.org\/{rel}","templated":true}]}}