{"id":32485,"date":"2025-10-16T05:30:42","date_gmt":"2025-10-16T08:30:42","guid":{"rendered":"https:\/\/gilpimentel.com.br\/site\/?p=32485"},"modified":"2025-10-17T16:27:37","modified_gmt":"2025-10-17T19:27:37","slug":"colecao-uteros-de-gisela-pedroso-celebra-a-forca-feminina-em-ceramica","status":"publish","type":"post","link":"https:\/\/gilpimentel.com.br\/site\/colecao-uteros-de-gisela-pedroso-celebra-a-forca-feminina-em-ceramica\/","title":{"rendered":"COLE\u00c7\u00c3O &#8220;\u00daTEROS&#8221;, DE GISELA PEDROSO, CELEBRA A FOR\u00c7A FEMININA EM CER\u00c2MICA"},"content":{"rendered":"<p>O \u00fatero, matriz da vida, \u00e9 um dos s\u00edmbolos mais potentes da feminilidade. Mais do que um \u00f3rg\u00e3o biol\u00f3gico, ele carrega uma dimens\u00e3o po\u00e9tica: o lugar onde tudo come\u00e7a, onde pulsa a for\u00e7a ancestral da cria\u00e7\u00e3o e da continuidade. Na arte, emerge como met\u00e1fora de pot\u00eancia e resist\u00eancia, revelando ciclos, transforma\u00e7\u00f5es e a capacidade de gerar, acolher e renascer.<\/p>\n<p>&nbsp;<\/p>\n<p>\u00c9 nesse di\u00e1logo entre biologia, mem\u00f3ria e express\u00e3o que nasce a cole\u00e7\u00e3o \u00dateros, criada pela ceramista e arquiteta Gisela Pedroso. A instala\u00e7\u00e3o de parede \u00e9 composta por pe\u00e7as moldadas em cer\u00e2mica e queimadas em forno de alta temperatura, resultado de um processo criativo profundamente intuitivo. O barro e o fogo se transformam, assim, em poesia visual.<\/p>\n<p>&nbsp;<\/p>\n<p>A organicidade, a fluidez e o movimento c\u00edclico feminino s\u00e3o traduzidos em formas e cores diversas, que refletem a pluralidade das experi\u00eancias da mulher. Mais do que objetos est\u00e9ticos, cada pe\u00e7a carrega uma narrativa pr\u00f3pria, simbolizando presen\u00e7a, resist\u00eancia e identidade. O conjunto da obra revela a dualidade entre delicadeza e for\u00e7a, fragilidade e poder, instaurando no espa\u00e7o uma atmosfera de vida em constante movimento.<\/p>\n<p>&nbsp;<\/p>\n<p>Inspirada pela ancestralidade da cer\u00e2mica e pela beleza das formas e cores da natureza, Gisela Pedroso desenvolve um trabalho que mescla tradi\u00e7\u00e3o e contemporaneidade. Seu fazer art\u00edstico nasce do barro e da mem\u00f3ria, transformando mat\u00e9ria em experi\u00eancias sens\u00edveis capazes de tocar o olhar e a emo\u00e7\u00e3o. Com \u00dateros, a artista reafirma sua investiga\u00e7\u00e3o sobre a pot\u00eancia do feminino, celebrando a for\u00e7a criadora que conecta mulheres em sua pluralidade.<\/p>\n<p>&nbsp;<\/p>\n<p>Sobre Gisela Pedroso<\/p>\n<p>&nbsp;<\/p>\n<p>Ceramista e arquiteta h\u00e1 mais de 20 anos, a paulistana Gisela Pedroso dedica sua trajet\u00f3ria \u00e0 conex\u00e3o entre arte, natureza e cidade. Idealizadora do Sarau Atelier-Escola, localizado no Centro Hist\u00f3rico de Itu, Gisela \u00e9 especialista em cer\u00e2mica e pintura que unem t\u00e9cnica, express\u00e3o art\u00edstica e olhar sens\u00edvel para o belo. Sua produ\u00e7\u00e3o e seu trabalho buscam valorizar as formas org\u00e2nicas e as cores da natureza, aproximando-as da vida urbana e estimulando novas experi\u00eancias est\u00e9ticas e criativas.<\/p>\n","protected":false},"excerpt":{"rendered":"<p>O \u00fatero, matriz da vida, \u00e9 um dos s\u00edmbolos mais potentes da feminilidade. Mais do que um \u00f3rg\u00e3o biol\u00f3gico, ele carrega uma dimens\u00e3o po\u00e9tica: o &hellip; <\/p>\n","protected":false},"author":2,"featured_media":32486,"comment_status":"closed","ping_status":"closed","sticky":false,"template":"","format":"standard","meta":{"footnotes":""},"categories":[2],"tags":[],"class_list":["post-32485","post","type-post","status-publish","format-standard","has-post-thumbnail","hentry","category-noticias","latest_post"],"_links":{"self":[{"href":"https:\/\/gilpimentel.com.br\/site\/wp-json\/wp\/v2\/posts\/32485","targetHints":{"allow":["GET"]}}],"collection":[{"href":"https:\/\/gilpimentel.com.br\/site\/wp-json\/wp\/v2\/posts"}],"about":[{"href":"https:\/\/gilpimentel.com.br\/site\/wp-json\/wp\/v2\/types\/post"}],"author":[{"embeddable":true,"href":"https:\/\/gilpimentel.com.br\/site\/wp-json\/wp\/v2\/users\/2"}],"replies":[{"embeddable":true,"href":"https:\/\/gilpimentel.com.br\/site\/wp-json\/wp\/v2\/comments?post=32485"}],"version-history":[{"count":1,"href":"https:\/\/gilpimentel.com.br\/site\/wp-json\/wp\/v2\/posts\/32485\/revisions"}],"predecessor-version":[{"id":32487,"href":"https:\/\/gilpimentel.com.br\/site\/wp-json\/wp\/v2\/posts\/32485\/revisions\/32487"}],"wp:featuredmedia":[{"embeddable":true,"href":"https:\/\/gilpimentel.com.br\/site\/wp-json\/wp\/v2\/media\/32486"}],"wp:attachment":[{"href":"https:\/\/gilpimentel.com.br\/site\/wp-json\/wp\/v2\/media?parent=32485"}],"wp:term":[{"taxonomy":"category","embeddable":true,"href":"https:\/\/gilpimentel.com.br\/site\/wp-json\/wp\/v2\/categories?post=32485"},{"taxonomy":"post_tag","embeddable":true,"href":"https:\/\/gilpimentel.com.br\/site\/wp-json\/wp\/v2\/tags?post=32485"}],"curies":[{"name":"wp","href":"https:\/\/api.w.org\/{rel}","templated":true}]}}