{"id":28797,"date":"2025-08-26T10:17:30","date_gmt":"2025-08-26T13:17:30","guid":{"rendered":"https:\/\/gilpimentel.com.br\/site\/?p=28797"},"modified":"2025-08-26T14:08:33","modified_gmt":"2025-08-26T17:08:33","slug":"parque-do-caracol-celebra-a-cultura-gaucha-com-programacao-especial-na-semana-farroupilha","status":"publish","type":"post","link":"https:\/\/gilpimentel.com.br\/site\/parque-do-caracol-celebra-a-cultura-gaucha-com-programacao-especial-na-semana-farroupilha\/","title":{"rendered":"PARQUE DO CARACOL CELEBRA A CULTURA GA\u00daCHA COM PROGRAMA\u00c7\u00c3O ESPECIAL NA SEMANA FARROUPILHA"},"content":{"rendered":"<p>M\u00fasica ao vivo, apresenta\u00e7\u00f5es de dan\u00e7a e oficina de chimarr\u00e3o est\u00e3o entre as atra\u00e7\u00f5es que acontecem de 13 a 21 de setembro no atrativo da Serra.<\/p>\n<p>Para homenagear as tradi\u00e7\u00f5es, a identidade e o amor pela cultura ga\u00facha, o Parque do Caracol, em Canela, prepara uma programa\u00e7\u00e3o especial para a Semana Farroupilha. De 13 a 21 de setembro, com exce\u00e7\u00e3o dos dias 16 e 17, dias em que o parque est\u00e1 fechado, visitantes v\u00e3o poder mergulhar na cultura do Rio Grande do Sul com apresenta\u00e7\u00f5es de dan\u00e7as tradicionalistas, m\u00fasica ao vivo e oficina de chimarr\u00e3o com brindes. Todas as atividades ser\u00e3o realizadas na Pra\u00e7a dos Ga\u00fachos, entrada do parque e espa\u00e7o que homenageia o povo do Rio Grande do Sul.<\/p>\n<p>Uma das atra\u00e7\u00f5es mais aut\u00eanticas da programa\u00e7\u00e3o \u00e9 a oficina de chimarr\u00e3o, em parceria com a Mateio, uma das lojas do parque. A atividade vai ensinar como se prepara a bebida s\u00edmbolo do estado, que representa hospitalidade, amizade e tradi\u00e7\u00e3o. As oficinas acontecem aos s\u00e1bados e domingos, dias 13, 14, 20 e 21 de setembro, das 10h \u00e0s 12h, na Pra\u00e7a dos Ga\u00fachos.<\/p>\n<p>Quem participar da oficina de chimarr\u00e3o ainda concorre a brindes. Para isso, al\u00e9m de aprender a preparar a bebida, basta tirar uma foto no chimarr\u00e3o gigante da Mateio na Pra\u00e7a dos Ga\u00fachos; publicar a foto no Instagram marcando os perfis @mateiooficial, @_artcastelo e @parquedocaracol; apresentar o post na mesa de brindes e ganhar uma cuia da Mateio ou uma faca da Art Castelo. A quantidade de brindes por dia \u00e9 limitada.<\/p>\n<p>Nos dias 20 e 21 de setembro, em raz\u00e3o do Dia do Ga\u00facho, o clima de celebra\u00e7\u00e3o se intensifica com as apresenta\u00e7\u00f5es do Grupo Retruco, que sobe ao palco para animar o p\u00fablico com o melhor da m\u00fasica regional, das 11h \u00e0s 12h e 13h \u00e0s 14h. A atra\u00e7\u00e3o gratuita vai transformar a Pra\u00e7a dos Ga\u00fachos em um verdadeiro \u201cbaile ao ar livre\u201d. J\u00e1 os dias 13 e 14 tamb\u00e9m ter\u00e3o m\u00fasica ao vivo dentro do clima ga\u00facho.<\/p>\n<p>\u201cA Semana Farroupilha \u00e9 um momento de exaltar o orgulho de ser ga\u00facho, e o Parque do Caracol \u00e9 o cen\u00e1rio perfeito para essa celebra\u00e7\u00e3o. Queremos proporcionar uma experi\u00eancia aut\u00eantica aos visitantes, tanto para os ga\u00fachos que j\u00e1 vivem essa cultura, quanto para quem est\u00e1 conhecendo pela primeira vez e quer saber mais sobre as nossas ra\u00edzes\u201d, comenta Sandra Ferraz, gerente geral do Parque do Caracol.<\/p>\n<p>A programa\u00e7\u00e3o inclui tamb\u00e9m apresenta\u00e7\u00f5es de dan\u00e7as tradicionalistas com os CTGs de Canela das Escolas Municipais Jo\u00e3o Alfredo Corr\u00eaa Pinto (CTG Cora\u00e7\u00e3o Ga\u00facho), Bar\u00e3o do Rio Branco (DTG Est\u00e2ncia do Saiqui), Santa Terezinha (DTG Fogo de Ch\u00e3o) e APAE Canela\/Escola Municipal Rodolfo Schlieper (CTG Novo Horizonte). As apresenta\u00e7\u00f5es acontecem nos dias 15, 18 e 19 de setembro, das 10h \u00e0s 10h30, encantando visitantes de todas as idades com o talento dos grupos da cidade e com a beleza dos trajes t\u00edpicos do pe\u00e3o e da prenda, no palco da Pra\u00e7a dos Ga\u00fachos.<\/p>\n<p>As atividades da Semana Farroupilha do Parque do Caracol contam ainda com o chope oficial da cervejaria Edelbrau, de Nova Petr\u00f3polis, que marca presen\u00e7a oferecendo um ponto de venda na programa\u00e7\u00e3o.<\/p>\n<p>Desconto exclusivo para ga\u00fachos e moradores do estado<\/p>\n<p>Durante todo o ano, o Parque do Caracol oferece o &#8220;Bilhete Ga\u00facho&#8221;, ingresso com valor especial para nascidos ou residentes do Rio Grande do Sul. O benef\u00edcio \u00e9 exclusivo para compras feitas no site oficial do atrativo &#8211; https:\/\/parquecaracol.com.br\/ -, reduzindo o valor do ingresso de R$ 49,90 para R$ 37 o adulto.<\/p>\n<p>Para garantir o desconto, \u00e9 necess\u00e1rio apresentar um documento oficial com foto que comprove o local de nascimento ou um comprovante de resid\u00eancia em nome do visitante. A valida\u00e7\u00e3o \u00e9 feita no momento da entrada no parque.<\/p>\n<p>Semana Farroupilha no Parque do Caracol<br \/>\nQuando: de 13 a 21 de setembro (exceto dias 16 e 17\/9, dias do parque fechado)<br \/>\nOnde: Pra\u00e7a dos Ga\u00fachos (entrada do parque)<br \/>\n*Programa\u00e7\u00e3o gratuita e inclusa no ingresso do Parque.<\/p>\n<p>Confira a programa\u00e7\u00e3o completa:<\/p>\n<p>13 de setembro (s\u00e1bado)<br \/>\nDas 10h \u00e0s 12h: Oficina de Chimarr\u00e3o com brindes em parceria com a Mateio e a Art Castelo<br \/>\nDas 11h \u00e0s 12h e das 13h \u00e0s 14h: M\u00fasica no Parque (*atra\u00e7\u00e3o a confirmar)<\/p>\n<p>14 de setembro (domingo)<br \/>\nDas 10h \u00e0s 12h: Oficina de Chimarr\u00e3o com brindes em parceria com a Mateio e a Art Castelo<br \/>\nDas 11h \u00e0s 12h e das 13h \u00e0s 14h: M\u00fasica no Parque (*atra\u00e7\u00e3o a confirmar)<\/p>\n<p>15 de setembro (segunda-feira)<br \/>\nDas 10h \u00e0s 10h30: Apresenta\u00e7\u00e3o do CTG Cora\u00e7\u00e3o Ga\u00facho e DTG Est\u00e2ncia do Saiqui, na Pra\u00e7a dos Ga\u00fachos.<\/p>\n<p>16 e 17 de setembro (ter\u00e7a-feira e quarta-feira)<br \/>\n*Parque fechado.<\/p>\n<p>18 de setembro (quinta-feira)<br \/>\nDas 10h \u00e0s 10h30: Apresenta\u00e7\u00e3o do DTG Fogo de Ch\u00e3o, na Pra\u00e7a dos Ga\u00fachos.<\/p>\n<p>19 de setembro (sexta-feira)<br \/>\nDas 10h \u00e0s 10h30: Apresenta\u00e7\u00e3o do CTG Novo Horizonte, na Pra\u00e7a dos Ga\u00fachos.<\/p>\n<p>20 de setembro &#8211; Dia do Ga\u00facho (s\u00e1bado)<br \/>\nDas 10h \u00e0s 12h: Oficina de Chimarr\u00e3o com brindes em parceria com a Mateio e a Art Castelo<br \/>\nDas 11h \u00e0s 12h e das 13h \u00e0s 14h: M\u00fasica no Parque com Grupo Retruco<\/p>\n<p>21 de setembro (domingo)<br \/>\nDas 10h \u00e0s 12h: Oficina de Chimarr\u00e3o com brindes em parceria com a Mateio e a Art Castelo<br \/>\nDas 11h \u00e0s 12h e das 13h \u00e0s 14h: M\u00fasica no Parque com Grupo Retruco<\/p>\n<p>PARQUE DO CARACOL CANELA-RS<br \/>\nEndere\u00e7o: Rodovia RS 466, km 0, s\/n &#8211; Caracol, Canela &#8211; RS, 95680-000<br \/>\nFuncionamento: de quinta a segunda-feira, das 9h \u00e0s 17h<br \/>\nIngressos: R$ 49,90 antecipado no site ou R$ 59,90 na bilheteria.<br \/>\nBilhete Ga\u00facho: R$ 37<br \/>\nIsen\u00e7\u00e3o:<br \/>\n&#8211; Pessoas nascidas ou moradoras de Canela e Gramado, mediante documenta\u00e7\u00e3o comprobat\u00f3ria<br \/>\n&#8211; Cadeirantes<br \/>\n&#8211; Guias de turismo inscritos na Cadastur<br \/>\n&#8211; Crian\u00e7as at\u00e9 5 anos<br \/>\nMeia-entrada:<br \/>\n&#8211; Pessoas acima de 60 anos, mediante a apresenta\u00e7\u00e3o de documento oficial com foto, conforme artigo 23 da lei 10.741\/2003.<br \/>\n&#8211; Crian\u00e7as (de 6 a 11 anos), mediante a apresenta\u00e7\u00e3o de documento oficial com foto;<br \/>\n&#8211; Estudantes, mediante a apresenta\u00e7\u00e3o de carteira de estudante, conforme 2\u00ba do art. 1\u00ba da Lei n\u00ba12.933, de 2013;<br \/>\n&#8211; PcD e Acompanhante, mediante a apresenta\u00e7\u00e3o de laudo m\u00e9dico e\/ou documento oficial com foto.<br \/>\nEstacionamento: R$15 (valor especial para canelenses e gramadenses). Para os demais visitantes, o valor \u00e9 R$ 30.<br \/>\nSite e redes sociais<br \/>\nhttps:\/\/www.parquecaracol.com.br\/<br \/>\nhttps:\/\/www.instagram.com\/parquedocaracol\/<br \/>\nhttps:\/\/www.facebook.com\/parquedocaracoloficial\/<\/p>\n","protected":false},"excerpt":{"rendered":"<p>M\u00fasica ao vivo, apresenta\u00e7\u00f5es de dan\u00e7a e oficina de chimarr\u00e3o est\u00e3o entre as atra\u00e7\u00f5es que acontecem de 13 a 21 de setembro no atrativo da &hellip; <\/p>\n","protected":false},"author":2,"featured_media":28798,"comment_status":"closed","ping_status":"closed","sticky":false,"template":"","format":"standard","meta":{"footnotes":""},"categories":[2],"tags":[],"class_list":["post-28797","post","type-post","status-publish","format-standard","has-post-thumbnail","hentry","category-noticias","latest_post"],"_links":{"self":[{"href":"https:\/\/gilpimentel.com.br\/site\/wp-json\/wp\/v2\/posts\/28797","targetHints":{"allow":["GET"]}}],"collection":[{"href":"https:\/\/gilpimentel.com.br\/site\/wp-json\/wp\/v2\/posts"}],"about":[{"href":"https:\/\/gilpimentel.com.br\/site\/wp-json\/wp\/v2\/types\/post"}],"author":[{"embeddable":true,"href":"https:\/\/gilpimentel.com.br\/site\/wp-json\/wp\/v2\/users\/2"}],"replies":[{"embeddable":true,"href":"https:\/\/gilpimentel.com.br\/site\/wp-json\/wp\/v2\/comments?post=28797"}],"version-history":[{"count":1,"href":"https:\/\/gilpimentel.com.br\/site\/wp-json\/wp\/v2\/posts\/28797\/revisions"}],"predecessor-version":[{"id":28799,"href":"https:\/\/gilpimentel.com.br\/site\/wp-json\/wp\/v2\/posts\/28797\/revisions\/28799"}],"wp:featuredmedia":[{"embeddable":true,"href":"https:\/\/gilpimentel.com.br\/site\/wp-json\/wp\/v2\/media\/28798"}],"wp:attachment":[{"href":"https:\/\/gilpimentel.com.br\/site\/wp-json\/wp\/v2\/media?parent=28797"}],"wp:term":[{"taxonomy":"category","embeddable":true,"href":"https:\/\/gilpimentel.com.br\/site\/wp-json\/wp\/v2\/categories?post=28797"},{"taxonomy":"post_tag","embeddable":true,"href":"https:\/\/gilpimentel.com.br\/site\/wp-json\/wp\/v2\/tags?post=28797"}],"curies":[{"name":"wp","href":"https:\/\/api.w.org\/{rel}","templated":true}]}}