{"id":28088,"date":"2025-08-19T23:34:14","date_gmt":"2025-08-20T02:34:14","guid":{"rendered":"https:\/\/gilpimentel.com.br\/site\/?p=28088"},"modified":"2025-08-19T11:34:50","modified_gmt":"2025-08-19T14:34:50","slug":"autor-tece-memorias-de-um-brasil-poetico-e-diverso","status":"publish","type":"post","link":"https:\/\/gilpimentel.com.br\/site\/autor-tece-memorias-de-um-brasil-poetico-e-diverso\/","title":{"rendered":"AUTOR TECE MEM\u00d3RIAS DE UM BRASIL PO\u00c9TICO E DIVERSO"},"content":{"rendered":"<p>A partir de olhos curiosos e ouvidos atentos, Manuel Filho constr\u00f3i uma narrativa emblem\u00e1tica das maravilhas geogr\u00e1ficas e humanas, reais e simb\u00f3licas do pa\u00eds<\/p>\n<p>&nbsp;<\/p>\n<p>Prestes a embarcar em uma jornada liter\u00e1ria repleta de afeto, mem\u00f3ria e brasilidade, o leitor ir\u00e1 conhecer outras faces das terras tupiniquins na obra de Manuel Filho. Com olhar sens\u00edvel, ele compartilha hist\u00f3rias de vida colhidas em suas andan\u00e7as em O que vi por a\u00ed, publica\u00e7\u00e3o da Cortez Editora.<\/p>\n<p>&nbsp;<\/p>\n<p>Do sert\u00e3o sergipano ao pampa ga\u00facho, da floresta amaz\u00f4nica aos casar\u00f5es mineiros, o escritor viajante faz um mergulho nas ra\u00edzes culturais e repletas de diversidade do Brasil. Com ilustra\u00e7\u00f5es de Luciano Tasso, as mem\u00f3rias passeiam por viagens na inf\u00e2ncia at\u00e9 as aventuras mais recentes.<\/p>\n<p>&nbsp;<\/p>\n<p>Longe das perspectivas clich\u00eas, a narrativa constr\u00f3i a identidade de um povo, como se fosse uma conversa ao redor da mesa ou numa parada de estrada. Entre os cap\u00edtulos, \u00e9 poss\u00edvel se deparar com personagens reais, como a centen\u00e1ria tia Mariquinha, que guardava com carinho o manuscrito com o qual aprendeu a ler, ou Charles, um jovem ga\u00facho que cruzava plan\u00edcies sulinas a cavalo para estudar.<\/p>\n<p>&nbsp;<\/p>\n<p>Um passeio pelo Brasil e pelas lembran\u00e7as que s\u00e3o minhas, mas que podem ser de qualquer um. V\u00e1rias vezes olhamos para as coisas e s\u00f3 as enxergamos de verdade se algu\u00e9m nos revelar o valor que elas t\u00eam. Comigo isso sempre acontece. Um objeto que parece comum, de repente, ganha um valor inesperado quando descubro sua hist\u00f3ria ou o que ele representa. (O que vi por a\u00ed, p. 9)<\/p>\n<p>&nbsp;<\/p>\n<p>S\u00e3o relatos que evidenciam a for\u00e7a da mem\u00f3ria e das rela\u00e7\u00f5es humanas. Ao mesmo tempo, o autor problematiza temas atuais, como a areniza\u00e7\u00e3o do Pampa e o apagamento de tradi\u00e7\u00f5es locais, sem perder a ternura do olhar.<\/p>\n<p>&nbsp;<\/p>\n<p>Com mais de 30 livros publicados e vencedor do Pr\u00eamio Jabuti, Manuel Filho apresenta uma obra para todas as idades, que atravessa o \u00edntimo para tocar o coletivo. O que vi por a\u00ed, n\u00e3o \u00e9 apenas um di\u00e1rio de bordo, \u00e9 um tributo ao Brasil plural, \u00e0s hist\u00f3rias que se escondem nas casas simples, nos sotaques diversos, nas comidas t\u00edpicas e nos caminhos nem sempre sinalizados no mapa.<\/p>\n<p>&nbsp;<\/p>\n<p>Ficha T\u00e9cnica:<\/p>\n<p>&nbsp;<\/p>\n<p>T\u00edtulo do livro: O que vi por a\u00ed<\/p>\n<p>&nbsp;<\/p>\n<p>Autor: Manuel Filho<\/p>\n<p>&nbsp;<\/p>\n<p>Editora: Cortez Editora<\/p>\n<p>&nbsp;<\/p>\n<p>ISBN\/ASIN: 978-6555555806<\/p>\n<p>&nbsp;<\/p>\n<p>P\u00e1ginas: 48<\/p>\n<p>&nbsp;<\/p>\n<p>Pre\u00e7o: 64,00<\/p>\n<p>&nbsp;<\/p>\n<p>Onde comprar: Amazon<\/p>\n<p>&nbsp;<\/p>\n<p>Sobre o autor: Vencedor do pr\u00eamio Jabuti 2008, Manuel Filho possui mais de 30 livros publicados. Em 2013, seu livro Sensor, O Game, integrou o cat\u00e1logo oficial da CBL na feira do livro em Frankfurt. Foi finalista, em 2013, do pr\u00eamio A\u00e7orianos de literatura com o livro A menina que perdeu o trem. O que vi por a\u00ed foi selecionado para o PNBE 2014. Tamb\u00e9m atuou como redator em programas de r\u00e1dio e televis\u00e3o. Integra desde 2011 o projeto Literatura Viva, do SESI, e viaja pelo estado de S\u00e3o Paulo para participar de encontros com alunos e apresentar palestras. Em 2011 seu livro Meu av\u00f4 portugu\u00eas recebeu o selo de acervo b\u00e1sico da Funda\u00e7\u00e3o Nacional do Livro Infantil e Juvenil &#8211; FNLIJ. Al\u00e9m disso, tamb\u00e9m \u00e9 cantor. O seu segundo CD, Ra\u00edzes, foi pr\u00e9-selecionado para o Pr\u00eamio de M\u00fasica Brasileira 2011 e disputou duas indica\u00e7\u00f5es ao Grammy Latino.<\/p>\n<p>&nbsp;<\/p>\n<p>Site: www.manuelfilho.com.br | Instagram: @manuelfilho<\/p>\n<p>&nbsp;<\/p>\n<p>Sobre o ilustrador: Nascido em Ribeir\u00e3o Preto, interior de S\u00e3o Paulo, Luciano Tasso \u00e9 formado pela Escola de Comunica\u00e7\u00f5es e Artes da Universidade de S\u00e3o Paulo (USP). Durante muito tempo trabalhou em ag\u00eancias de publicidade, at\u00e9 de dedicar exclusivamente \u00e0 literatura, ilustrando livros infantis e juvenis. Desde ent\u00e3o produziu muitas obras, al\u00e9m de publicar livros de pr\u00f3pria autoria.<\/p>\n<p>&nbsp;<\/p>\n<p>Instagram: @estudio_luciano_tasso<\/p>\n<p>&nbsp;<\/p>\n<p>Sobre a Cortez Editora: Foi a solidez do trabalho feito que estimulou a Cortez Editora a expandir e mostrar ao mundo toda a riqueza da cultura brasileira e a densidade \u00edmpar de seus autores. Seu cat\u00e1logo \u00e9 refer\u00eancia nas \u00e1reas de Literatura Infantil e Juvenil, Educa\u00e7\u00e3o, Servi\u00e7o Social, Ci\u00eancias da Linguagem, Ci\u00eancias Sociais, Ci\u00eancias Ambientais e Psicologia.<\/p>\n<p>&nbsp;<\/p>\n<p>Site: Cortez Editora<\/p>\n<p>&nbsp;<\/p>\n<p>Instagram: Cortez Editora | Youtube: TV Cortez | Facebook: Cortez Editora<\/p>\n","protected":false},"excerpt":{"rendered":"<p>A partir de olhos curiosos e ouvidos atentos, Manuel Filho constr\u00f3i uma narrativa emblem\u00e1tica das maravilhas geogr\u00e1ficas e humanas, reais e simb\u00f3licas do pa\u00eds &nbsp; &hellip; <\/p>\n","protected":false},"author":2,"featured_media":28089,"comment_status":"closed","ping_status":"closed","sticky":false,"template":"","format":"standard","meta":{"footnotes":""},"categories":[2],"tags":[],"class_list":["post-28088","post","type-post","status-publish","format-standard","has-post-thumbnail","hentry","category-noticias","latest_post"],"_links":{"self":[{"href":"https:\/\/gilpimentel.com.br\/site\/wp-json\/wp\/v2\/posts\/28088","targetHints":{"allow":["GET"]}}],"collection":[{"href":"https:\/\/gilpimentel.com.br\/site\/wp-json\/wp\/v2\/posts"}],"about":[{"href":"https:\/\/gilpimentel.com.br\/site\/wp-json\/wp\/v2\/types\/post"}],"author":[{"embeddable":true,"href":"https:\/\/gilpimentel.com.br\/site\/wp-json\/wp\/v2\/users\/2"}],"replies":[{"embeddable":true,"href":"https:\/\/gilpimentel.com.br\/site\/wp-json\/wp\/v2\/comments?post=28088"}],"version-history":[{"count":1,"href":"https:\/\/gilpimentel.com.br\/site\/wp-json\/wp\/v2\/posts\/28088\/revisions"}],"predecessor-version":[{"id":28090,"href":"https:\/\/gilpimentel.com.br\/site\/wp-json\/wp\/v2\/posts\/28088\/revisions\/28090"}],"wp:featuredmedia":[{"embeddable":true,"href":"https:\/\/gilpimentel.com.br\/site\/wp-json\/wp\/v2\/media\/28089"}],"wp:attachment":[{"href":"https:\/\/gilpimentel.com.br\/site\/wp-json\/wp\/v2\/media?parent=28088"}],"wp:term":[{"taxonomy":"category","embeddable":true,"href":"https:\/\/gilpimentel.com.br\/site\/wp-json\/wp\/v2\/categories?post=28088"},{"taxonomy":"post_tag","embeddable":true,"href":"https:\/\/gilpimentel.com.br\/site\/wp-json\/wp\/v2\/tags?post=28088"}],"curies":[{"name":"wp","href":"https:\/\/api.w.org\/{rel}","templated":true}]}}