{"id":27659,"date":"2025-08-14T14:18:24","date_gmt":"2025-08-14T17:18:24","guid":{"rendered":"https:\/\/gilpimentel.com.br\/site\/?p=27659"},"modified":"2025-08-13T19:19:06","modified_gmt":"2025-08-13T22:19:06","slug":"exposicao-performance-do-arquivo-extensoes-promove-caminhada-no-entorno-da-ufrgs-e-redencao","status":"publish","type":"post","link":"https:\/\/gilpimentel.com.br\/site\/exposicao-performance-do-arquivo-extensoes-promove-caminhada-no-entorno-da-ufrgs-e-redencao\/","title":{"rendered":"EXPOSI\u00c7\u00c3O \u201cPERFORMANCE DO ARQUIVO: EXTENS\u00d5ES\u201d PROMOVE CAMINHADA NO ENTORNO DA UFRGS E REDEN\u00c7\u00c3O"},"content":{"rendered":"<p>A artista Maria Ivone dos Santos recebe o p\u00fablico nesta sexta-feira, dia 15, \u00e0s 15h, para a \u201cAtiva\u00e7\u00e3o III\u201d, a\u00e7\u00e3o paralela \u00e0 mostra \u201cPerformance do arquivo: extens\u00f5es\u201d, em cartaz no Centro Cultural da UFRGS. A atividade consiste em uma caminhada no entorno do campus centro e Parque Farroupilha (Reden\u00e7\u00e3o), espa\u00e7os relacionados a obras que integram a exposi\u00e7\u00e3o, como \u201cEndere\u00e7amento: vendo o entorno\u201d (2025), que referencia o quiosque art d\u00e9co presente no lago do parque. O percurso parte do pr\u00f3prio expositivo, na Sala Laranjeira, no segundo andar do Centro Cultural.<\/p>\n<p>&nbsp;<\/p>\n<p>A obra faz parte da pesquisa \u201cAs Extens\u00f5es da Mem\u00f3ria: a experi\u00eancia art\u00edstica e outros espa\u00e7os\u201d, desenvolvida na UFRGS por Maria Ivone desde 2004. A partir da fotografia, do v\u00eddeo, da instala\u00e7\u00e3o e de publica\u00e7\u00f5es, o projeto analisa de que modo a arte penetra e questiona as rela\u00e7\u00f5es de poder presentes nos contextos urbanos e ambientais, p\u00fablicos e privados.<\/p>\n<p>&nbsp;<\/p>\n<p>A exposi\u00e7\u00e3o \u201cPerformance do arquivo: extens\u00f5es\u201d, inserida no projeto Percurso da\/do Artista, tamb\u00e9m tem gradualmente se espalhado por diferentes pontos de Porto Alegre, por meio da colagem, em tapumes, de cartazes da obra \u201cEnunciados em tr\u00e2nsito: tr\u00eas quest\u00f5es\u201d: \u201cO que diz a \u00e1gua?\u201d, \u201cO que diz a terra?\u201d, \u201cO que dizem as cinzas?\u201d (2025); e \u201cO que foi sonhado?\u201d, \u201cO que foi constru\u00eddo?\u201d, \u201cO que resiste ao tempo?\u201d (2007\/2025).<\/p>\n<p>&nbsp;<\/p>\n<p>At\u00e9 o final da mostra, no dia 10 de setembro, est\u00e3o previstas mais duas ativa\u00e7\u00f5es. Todas as atividades t\u00eam entrada franca e aberta \u00e0 comunidade em geral, sem inscri\u00e7\u00f5es pr\u00e9vias. O Centro Cultural est\u00e1 localizado na Rua Eng. Luiz Englert, 333, campus centro da UFRGS.<\/p>\n<p>&nbsp;<\/p>\n<p>Sobre a exposi\u00e7\u00e3o \u201cPerformance do arquivo: extens\u00f5es\u201d<\/p>\n<p>&nbsp;<\/p>\n<p>A mostra concretiza a retomada, ap\u00f3s um hiato de cinco anos, do projeto Percurso da\/do artista, que tem como proposta homenagear artistas-docentes do Instituto de Artes (IA\/UFRGS). Nascida em Vacaria, em 1958, Maria Ivone vive em Porto Alegre e atua como professora do IA h\u00e1 27 anos.<\/p>\n<p>&nbsp;<\/p>\n<p>A exposi\u00e7\u00e3o retoma aspectos pontuais de sua trajet\u00f3ria, reunindo, em novas montagens, trabalhos antigos com outros in\u00e9ditos. Por seu car\u00e1ter de revis\u00e3o, a mostra est\u00e1 diretamente associada ao arquivo art\u00edstico, documental e bibliogr\u00e1fico que a artista mant\u00e9m em sua casa. Desde 2022, o material vem passando por um processo de sistematiza\u00e7\u00e3o, que inclui uma vers\u00e3o online.<\/p>\n<p>&nbsp;<\/p>\n<p>Sobre o Percurso da\/do artista<\/p>\n<p>&nbsp;<\/p>\n<p>Realizado pelo DDC-PROREXT-UFRGS, o Percurso da\/do artista coloca em evid\u00eancia o trabalho art\u00edstico de artistas-docentes do Instituto de Artes da Universidade. Por meio de exposi\u00e7\u00e3o, encontros e lan\u00e7amento de cat\u00e1logo, prop\u00f5e mostrar a trajet\u00f3ria desses profissionais e a evolu\u00e7\u00e3o de seus processos criativos.<\/p>\n<p>&nbsp;<\/p>\n<p>Entre 2010 e 2019, foram realizadas seis edi\u00e7\u00f5es, contemplando o trabalho de Nico Rocha, Luiz Eduardo Achutti, Flavio Gon\u00e7alves, Eduardo Vieira da Cunha, Luiz Gonzaga e Teresa Poester. A edi\u00e7\u00e3o de 2025, com Maria Ivone dos Santos, \u00e9 a primeira realizada no Centro Cultural da UFRGS.<\/p>\n<p>&nbsp;<\/p>\n<p>Sobre Maria Ivone dos Santos<\/p>\n<p>&nbsp;<\/p>\n<p>Artista pl\u00e1stica, professora e pesquisadora. \u00c9 mestre e doutora em Artes pela Universidade de Paris I Panth\u00e9on \u2013 Sorbonne. Leciona, desde 1998, no Departamento de Artes Visuais e no Programa de P\u00f3s-Gradua\u00e7\u00e3o em Artes Visuais do IA\/UFRGS. Coordena o projeto de pesquisa \u201cAs Extens\u00f5es da Mem\u00f3ria: a experi\u00eancia art\u00edstica e outros espa\u00e7os\u201d e o grupo de pesquisa \u201cVe\u00edculos da Arte\u201d.<\/p>\n<p>&nbsp;<\/p>\n<p>SERVI\u00c7O<\/p>\n<p>&nbsp;<\/p>\n<p>Percurso da Artista | Maria Ivone dos Santos<\/p>\n<p>Performance do arquivo: extens\u00f5es<\/p>\n<p>Curadoria Eduardo Veras<\/p>\n<p>&nbsp;<\/p>\n<p>Ativa\u00e7\u00e3o III<\/p>\n<p>Extens\u00f5es do arquivo: conversa com a artista<\/p>\n<p>Dia 15 de agosto, sexta-feira, \u00e0s 15h<\/p>\n<p>Centro Cultural da UFRGS<\/p>\n<p>Rua Eng. Luiz Englert, 333 \u2013 campus centro (acesso pelo andar t\u00e9rreo)<\/p>\n<p>Entrada franca<\/p>\n<p>Sem inscri\u00e7\u00f5es pr\u00e9vias<\/p>\n<p>Realiza\u00e7\u00e3o: Departamento de Difus\u00e3o Cultural da Pr\u00f3-Reitoria de Extens\u00e3o da UFRGS e Arquivo Maria Ivone dos Santos<\/p>\n","protected":false},"excerpt":{"rendered":"<p>A artista Maria Ivone dos Santos recebe o p\u00fablico nesta sexta-feira, dia 15, \u00e0s 15h, para a \u201cAtiva\u00e7\u00e3o III\u201d, a\u00e7\u00e3o paralela \u00e0 mostra \u201cPerformance do &hellip; <\/p>\n","protected":false},"author":2,"featured_media":27660,"comment_status":"closed","ping_status":"closed","sticky":false,"template":"","format":"standard","meta":{"footnotes":""},"categories":[2],"tags":[],"class_list":["post-27659","post","type-post","status-publish","format-standard","has-post-thumbnail","hentry","category-noticias","latest_post"],"_links":{"self":[{"href":"https:\/\/gilpimentel.com.br\/site\/wp-json\/wp\/v2\/posts\/27659","targetHints":{"allow":["GET"]}}],"collection":[{"href":"https:\/\/gilpimentel.com.br\/site\/wp-json\/wp\/v2\/posts"}],"about":[{"href":"https:\/\/gilpimentel.com.br\/site\/wp-json\/wp\/v2\/types\/post"}],"author":[{"embeddable":true,"href":"https:\/\/gilpimentel.com.br\/site\/wp-json\/wp\/v2\/users\/2"}],"replies":[{"embeddable":true,"href":"https:\/\/gilpimentel.com.br\/site\/wp-json\/wp\/v2\/comments?post=27659"}],"version-history":[{"count":1,"href":"https:\/\/gilpimentel.com.br\/site\/wp-json\/wp\/v2\/posts\/27659\/revisions"}],"predecessor-version":[{"id":27661,"href":"https:\/\/gilpimentel.com.br\/site\/wp-json\/wp\/v2\/posts\/27659\/revisions\/27661"}],"wp:featuredmedia":[{"embeddable":true,"href":"https:\/\/gilpimentel.com.br\/site\/wp-json\/wp\/v2\/media\/27660"}],"wp:attachment":[{"href":"https:\/\/gilpimentel.com.br\/site\/wp-json\/wp\/v2\/media?parent=27659"}],"wp:term":[{"taxonomy":"category","embeddable":true,"href":"https:\/\/gilpimentel.com.br\/site\/wp-json\/wp\/v2\/categories?post=27659"},{"taxonomy":"post_tag","embeddable":true,"href":"https:\/\/gilpimentel.com.br\/site\/wp-json\/wp\/v2\/tags?post=27659"}],"curies":[{"name":"wp","href":"https:\/\/api.w.org\/{rel}","templated":true}]}}