{"id":27075,"date":"2025-08-07T16:27:35","date_gmt":"2025-08-07T19:27:35","guid":{"rendered":"https:\/\/gilpimentel.com.br\/site\/?p=27075"},"modified":"2025-08-07T16:28:38","modified_gmt":"2025-08-07T19:28:38","slug":"perdigao-na-brasa-compartilha-receitas-especiais-de-churrasco-para-o-dia-dos-pais","status":"publish","type":"post","link":"https:\/\/gilpimentel.com.br\/site\/perdigao-na-brasa-compartilha-receitas-especiais-de-churrasco-para-o-dia-dos-pais\/","title":{"rendered":"PERDIG\u00c3O NA BRASA COMPARTILHA RECEITAS ESPECIAIS DE CHURRASCO PARA O DIA DOS PAIS"},"content":{"rendered":"<p>Marca traz op\u00e7\u00f5es de receitas para inovar no churrasco do feriado celebrado no segundo domingo de agosto<\/p>\n<p>&nbsp;<\/p>\n<p>Neste Dia dos Pais a Perdig\u00e3o, marca de alimentos mais vendida\u00b9 e a mais escolhida pelos lares no Brasil\u00b2, apresenta duas receitas de produtos cl\u00e1ssicos de um churrasco, mas de uma forma diferente para celebrar essa ocasi\u00e3o especial: Manta de Lingui\u00e7a Toscana com Pimenta-biquinho Recheada com Queijo e Costelinha Na Brasa na Crosta de Bacon, duas op\u00e7\u00f5es que ganham um toque a mais com o sabor inconfund\u00edvel dos produtos Perdig\u00e3o Na Brasa, especialista em churrasco e refer\u00eancia na categoria. Confira os preparos:<\/p>\n<p>&nbsp;<\/p>\n<p>Manta de Lingui\u00e7a Toscana com Pimenta-biquinho Recheada com Queijo<\/p>\n<p>&nbsp;<\/p>\n<p>Tempo de preparo: 70min<\/p>\n<p>&nbsp;<\/p>\n<p>Rendimento: 06 por\u00e7\u00f5es<\/p>\n<p>&nbsp;<\/p>\n<p>Ingredientes<\/p>\n<p>&nbsp;<\/p>\n<p>Manta de lingui\u00e7a:<\/p>\n<p>&nbsp;<\/p>\n<p>1 pacote de Lingui\u00e7a toscana com pimenta-biquinho Perdig\u00e3o Na Brasa (600g)<\/p>\n<p>&nbsp;<\/p>\n<p>1 pacote de requeij\u00e3o cremoso tipo catupiry (250g)<\/p>\n<p>&nbsp;<\/p>\n<p>1 x\u00edcara (ch\u00e1) de queijo mu\u00e7arela ralado (110g)<\/p>\n<p>&nbsp;<\/p>\n<p>Vinagrete de abacaxi:<\/p>\n<p>&nbsp;<\/p>\n<p>\u00bd abacaxi maduro descascado e picado em cubos pequenos (200g)<\/p>\n<p>&nbsp;<\/p>\n<p>2 tomates sem sementes picados em cubos (240g)<\/p>\n<p>&nbsp;<\/p>\n<p>1 cebola roxa descascada picada em cubos (110g)<\/p>\n<p>&nbsp;<\/p>\n<p>2 colheres (sopa) de vinagre (30ml)<\/p>\n<p>&nbsp;<\/p>\n<p>3 colheres (sopa) de azeite (24g)<\/p>\n<p>&nbsp;<\/p>\n<p>\u00bd x\u00edcara (ch\u00e1) de salsinha picada (30g)<\/p>\n<p>&nbsp;<\/p>\n<p>Sal a gosto<\/p>\n<p>&nbsp;<\/p>\n<p>Modo de Preparo<\/p>\n<p>&nbsp;<\/p>\n<p>Manta de lingui\u00e7a:<\/p>\n<p>&nbsp;<\/p>\n<p>Enquanto a churrasqueira a carv\u00e3o ou el\u00e9trica esquenta, prepare a manta.<\/p>\n<p>Retire a tripa das Lingui\u00e7as toscanas com pimenta-biquinho Perdig\u00e3o Na Brasa e coloque a carne em uma tigela. Monte a manta j\u00e1 em cima da grelha que ser\u00e1 usada na churrasqueira.<\/p>\n<p>Use metade da lingui\u00e7a para fazer uma camada retangular sobre a grelha, e reserve o restante. Sobre essa camada, espalhe o requeij\u00e3o cremoso, deixando uma borda sem recheio para selar a manta.<\/p>\n<p>Espalhe o queijo mu\u00e7arela ralado sobre o requeij\u00e3o cremoso e, utilizando a outra metade reservada de lingui\u00e7a, cubra o recheio e as bordas da manta, pressionando levemente para que a manta n\u00e3o desmanche durante a coc\u00e7\u00e3o.<\/p>\n<p>Posicione a manta de lingui\u00e7a na grelha. Deixe 15 minutos de cada lado, ou at\u00e9 que a carne da lingui\u00e7a esteja levemente dourada. Tire da grelha e deixe descansar por alguns minutos.<\/p>\n<p>Vinagrete de abacaxi:<\/p>\n<p>&nbsp;<\/p>\n<p>Misture todos os ingredientes em uma tigela e sirva com a manta de lingui\u00e7a fatiada e p\u00e3o em fatias.<\/p>\n<p>&nbsp;<\/p>\n<p>Costelinha Na Brasa na Crosta de Bacon<\/p>\n<p>&nbsp;<\/p>\n<p>Tempo de preparo: 60min<\/p>\n<p>&nbsp;<\/p>\n<p>Rendimento: 01 por\u00e7\u00e3o<\/p>\n<p>&nbsp;<\/p>\n<p>Ingredientes<\/p>\n<p>&nbsp;<\/p>\n<p>1 kg de Costela Su\u00edna Perdig\u00e3o Na Brasa<\/p>\n<p>&nbsp;<\/p>\n<p>10 g de pimenta-do-reino<\/p>\n<p>&nbsp;<\/p>\n<p>10 g de cominho em p\u00f3<\/p>\n<p>&nbsp;<\/p>\n<p>10 g de cebola em p\u00f3<\/p>\n<p>&nbsp;<\/p>\n<p>10 g de p\u00e1prica defumada em p\u00f3<\/p>\n<p>&nbsp;<\/p>\n<p>30 g de a\u00e7\u00facar mascavo<\/p>\n<p>&nbsp;<\/p>\n<p>20 g de alho em p\u00f3<\/p>\n<p>&nbsp;<\/p>\n<p>20 g de sal fino<\/p>\n<p>&nbsp;<\/p>\n<p>1 x\u00edcara (ch\u00e1) de vinagre de ma\u00e7\u00e3<\/p>\n<p>&nbsp;<\/p>\n<p>100 ml de molho barbecue<\/p>\n<p>&nbsp;<\/p>\n<p>250 g de bacon fatiado<\/p>\n<p>&nbsp;<\/p>\n<p>Modo de Preparo<\/p>\n<p>&nbsp;<\/p>\n<p>1. Em um recipiente, coloque a pimenta-do-reino, o cominho, a cebola em p\u00f3, a p\u00e1prica, o a\u00e7\u00facar mascavo, o alho em p\u00f3, o sal fino e o vinagre de ma\u00e7\u00e3.<\/p>\n<p>Misture tudo at\u00e9 ficar homog\u00eaneo.<\/p>\n<p>Passe a mistura por toda a pe\u00e7a da Costela Su\u00edna Perdig\u00e3o Na Brasa e envolva de 3 a 4 vezes no papel alum\u00ednio, fechando bem as laterais.<\/p>\n<p>Leve ao braseiro m\u00e9dio, a 40 cm da brasa, com o osso para baixo, por mais ou menos uma hora. Ap\u00f3s esse tempo, vire e deixe assando por mais 1 hora.<\/p>\n<p>Doure as fatias de bacon na pr\u00f3pria base e quando estiverem bem crocantes, pique em peda\u00e7os bem pequenos. Retire a costelinha da grelha e tire-a do papel-alum\u00ednio.<\/p>\n<p>Passe o molho barbecue na parte superior da costelinha e jogue os bacons em peda\u00e7os por cima.<\/p>\n<p>&nbsp;<\/p>\n<p>\u00b9 Fonte: RETAIL INDEX EVOLUTION | Per\u00edodo: MOV&#8217;24 (SET&#8217;23 &#8211; AGO&#8217;24) | Total Brasil INA + C&amp;C | Mercado: CP 198 \u2013 INDUSTRIALIZADOS DE CARNE<\/p>\n<p>&nbsp;<\/p>\n<p>\u00b2 Fonte: Brand Footprint 2025 Brasil &#8211; Worldpanel by Numerator | Painel Consumo Dentro do Lar | CRP = Penetra\u00e7\u00e3o X Frequ\u00eancia X Popula\u00e7\u00e3o Brasileira<\/p>\n<p>&nbsp;<\/p>\n<p>\u00b3Fonte: Tudo Gostoso (2024) \u2013 Receitas mais avaliadas para o Dia dos Pais<\/p>\n<p>&nbsp;<\/p>\n<p>Sobre a Perdig\u00e3o<\/p>\n<p>&nbsp;<\/p>\n<p>A Perdig\u00e3o est\u00e1 presente na casa do consumidor h\u00e1 nove d\u00e9cadas e acredita nas rela\u00e7\u00f5es humanas para celebrar as refei\u00e7\u00f5es, sejam em ocasi\u00f5es especiais ou situa\u00e7\u00f5es cotidianas. Com o posicionamento \u2018Sabor de Comer Juntos\u2019, a marca tem em seu portf\u00f3lio op\u00e7\u00f5es democr\u00e1ticas que atendem diferentes p\u00fablicos e ocasi\u00f5es de consumo, que v\u00e3o desde caf\u00e9 da manh\u00e3, passando pelo almo\u00e7o, lanches at\u00e9 o jantar.<\/p>\n","protected":false},"excerpt":{"rendered":"<p>Marca traz op\u00e7\u00f5es de receitas para inovar no churrasco do feriado celebrado no segundo domingo de agosto &nbsp; Neste Dia dos Pais a Perdig\u00e3o, marca &hellip; <\/p>\n","protected":false},"author":2,"featured_media":27076,"comment_status":"closed","ping_status":"closed","sticky":false,"template":"","format":"standard","meta":{"footnotes":""},"categories":[2],"tags":[],"class_list":["post-27075","post","type-post","status-publish","format-standard","has-post-thumbnail","hentry","category-noticias","latest_post"],"_links":{"self":[{"href":"https:\/\/gilpimentel.com.br\/site\/wp-json\/wp\/v2\/posts\/27075","targetHints":{"allow":["GET"]}}],"collection":[{"href":"https:\/\/gilpimentel.com.br\/site\/wp-json\/wp\/v2\/posts"}],"about":[{"href":"https:\/\/gilpimentel.com.br\/site\/wp-json\/wp\/v2\/types\/post"}],"author":[{"embeddable":true,"href":"https:\/\/gilpimentel.com.br\/site\/wp-json\/wp\/v2\/users\/2"}],"replies":[{"embeddable":true,"href":"https:\/\/gilpimentel.com.br\/site\/wp-json\/wp\/v2\/comments?post=27075"}],"version-history":[{"count":1,"href":"https:\/\/gilpimentel.com.br\/site\/wp-json\/wp\/v2\/posts\/27075\/revisions"}],"predecessor-version":[{"id":27077,"href":"https:\/\/gilpimentel.com.br\/site\/wp-json\/wp\/v2\/posts\/27075\/revisions\/27077"}],"wp:featuredmedia":[{"embeddable":true,"href":"https:\/\/gilpimentel.com.br\/site\/wp-json\/wp\/v2\/media\/27076"}],"wp:attachment":[{"href":"https:\/\/gilpimentel.com.br\/site\/wp-json\/wp\/v2\/media?parent=27075"}],"wp:term":[{"taxonomy":"category","embeddable":true,"href":"https:\/\/gilpimentel.com.br\/site\/wp-json\/wp\/v2\/categories?post=27075"},{"taxonomy":"post_tag","embeddable":true,"href":"https:\/\/gilpimentel.com.br\/site\/wp-json\/wp\/v2\/tags?post=27075"}],"curies":[{"name":"wp","href":"https:\/\/api.w.org\/{rel}","templated":true}]}}