{"id":26238,"date":"2025-07-29T17:41:53","date_gmt":"2025-07-29T20:41:53","guid":{"rendered":"https:\/\/gilpimentel.com.br\/site\/?p=26238"},"modified":"2025-07-30T17:33:50","modified_gmt":"2025-07-30T20:33:50","slug":"aprenda-uma-receita-leve-sem-gluten-e-ideal-para-as-ferias-das-criancas","status":"publish","type":"post","link":"https:\/\/gilpimentel.com.br\/site\/aprenda-uma-receita-leve-sem-gluten-e-ideal-para-as-ferias-das-criancas\/","title":{"rendered":"APRENDA UMA RECEITA LEVE, SEM GL\u00daTEN E IDEAL PARA AS F\u00c9RIAS DAS CRIAN\u00c7AS"},"content":{"rendered":"<p>Jasmine ensina como preparar P\u00e3o de Queijo com Chia. A sugest\u00e3o pode ser preparada junto com os pequenos. Confira!<\/p>\n<p>&nbsp;<\/p>\n<p>Nada melhor do que um p\u00e3o de queijo quentinho para come\u00e7ar o dia ou saciar aquela fominha da tarde. Para inspirar a alimenta\u00e7\u00e3o saud\u00e1vel, Jasmine ensina uma receita leve, sem gl\u00faten e muito saborosa. Aproveite o per\u00edodo de descanso e convide os pequenos para ajudarem nos preparativos, com a devida supervis\u00e3o.<\/p>\n<p>&nbsp;<\/p>\n<p>Confira o passo a passo a seguir e boas f\u00e9rias!<\/p>\n<p>&nbsp;<\/p>\n<p>P\u00e3o de Queijo com Chia<\/p>\n<p>&nbsp;<\/p>\n<p>Ingredientes:<\/p>\n<p>&nbsp;<\/p>\n<p>1 x\u00edcara de Polvilho doce<\/p>\n<p>1 x\u00edcara de Polvilho azedo<\/p>\n<p>1\/2 x\u00edcara de azeite de oliva<\/p>\n<p>1 x\u00edcara de Leite morno (pode ser vegetal)<\/p>\n<p>1 x\u00edcara de Queijo meia cura ralado (ou parmes\u00e3o ou mu\u00e7arela)<\/p>\n<p>1 colher de sopa de Semente de Chia Jasmine<\/p>\n<p>1 ovo<\/p>\n<p>1\/2 colher de ch\u00e1 de sal (ajuste conforme o queijo)<\/p>\n<p>Modo de preparo:<\/p>\n<p>&nbsp;<\/p>\n<p>Em uma tigela grande, misture os dois tipos de polvilho com o sal.<\/p>\n<p>Adicione o leite morno e o azeite, mexendo bem at\u00e9 formar uma farofa \u00famida.<\/p>\n<p>Incorpore o ovo e, em seguida, o queijo ralado.<\/p>\n<p>Acrescente a chia e misture at\u00e9 obter uma massa homog\u00eanea. Se necess\u00e1rio, adicione um pouco mais de leite ou polvilho para ajustar a textura.<\/p>\n<p>Com as m\u00e3os, modele bolinhas e coloque em uma assadeira untada ou com papel manteiga.<\/p>\n<p>Asse em forno preaquecido a 180 \u00b0C por 25 a 30 minutos, ou at\u00e9 que fiquem levemente dourados.<\/p>\n<p>Dicas extras:<\/p>\n<p>&nbsp;<\/p>\n<p>Para deixar a receita mais funcional, voc\u00ea pode adicionar sementes de linha\u00e7a ou c\u00farcuma em p\u00f3.<\/p>\n<p>A massa pode ser congelada antes de assar \u2014 \u00f3tima op\u00e7\u00e3o para preparar por\u00e7\u00f5es individuais para outros dias.<\/p>\n","protected":false},"excerpt":{"rendered":"<p>Jasmine ensina como preparar P\u00e3o de Queijo com Chia. A sugest\u00e3o pode ser preparada junto com os pequenos. Confira! &nbsp; Nada melhor do que um &hellip; <\/p>\n","protected":false},"author":2,"featured_media":26239,"comment_status":"closed","ping_status":"closed","sticky":false,"template":"","format":"standard","meta":{"footnotes":""},"categories":[2],"tags":[],"class_list":["post-26238","post","type-post","status-publish","format-standard","has-post-thumbnail","hentry","category-noticias","latest_post"],"_links":{"self":[{"href":"https:\/\/gilpimentel.com.br\/site\/wp-json\/wp\/v2\/posts\/26238","targetHints":{"allow":["GET"]}}],"collection":[{"href":"https:\/\/gilpimentel.com.br\/site\/wp-json\/wp\/v2\/posts"}],"about":[{"href":"https:\/\/gilpimentel.com.br\/site\/wp-json\/wp\/v2\/types\/post"}],"author":[{"embeddable":true,"href":"https:\/\/gilpimentel.com.br\/site\/wp-json\/wp\/v2\/users\/2"}],"replies":[{"embeddable":true,"href":"https:\/\/gilpimentel.com.br\/site\/wp-json\/wp\/v2\/comments?post=26238"}],"version-history":[{"count":1,"href":"https:\/\/gilpimentel.com.br\/site\/wp-json\/wp\/v2\/posts\/26238\/revisions"}],"predecessor-version":[{"id":26240,"href":"https:\/\/gilpimentel.com.br\/site\/wp-json\/wp\/v2\/posts\/26238\/revisions\/26240"}],"wp:featuredmedia":[{"embeddable":true,"href":"https:\/\/gilpimentel.com.br\/site\/wp-json\/wp\/v2\/media\/26239"}],"wp:attachment":[{"href":"https:\/\/gilpimentel.com.br\/site\/wp-json\/wp\/v2\/media?parent=26238"}],"wp:term":[{"taxonomy":"category","embeddable":true,"href":"https:\/\/gilpimentel.com.br\/site\/wp-json\/wp\/v2\/categories?post=26238"},{"taxonomy":"post_tag","embeddable":true,"href":"https:\/\/gilpimentel.com.br\/site\/wp-json\/wp\/v2\/tags?post=26238"}],"curies":[{"name":"wp","href":"https:\/\/api.w.org\/{rel}","templated":true}]}}