{"id":24312,"date":"2025-07-03T18:50:47","date_gmt":"2025-07-03T21:50:47","guid":{"rendered":"https:\/\/gilpimentel.com.br\/site\/?p=24312"},"modified":"2025-07-03T18:43:00","modified_gmt":"2025-07-03T21:43:00","slug":"investimento-em-experiencia-completa-parque-do-caracol-oferece-12-operacoes-de-compras-e-gastronomia","status":"publish","type":"post","link":"https:\/\/gilpimentel.com.br\/site\/investimento-em-experiencia-completa-parque-do-caracol-oferece-12-operacoes-de-compras-e-gastronomia\/","title":{"rendered":"INVESTIMENTO EM EXPERI\u00caNCIA COMPLETA: PARQUE DO CARACOL OFERECE 12 OPERA\u00c7\u00d5ES DE COMPRAS E GASTRONOMIA"},"content":{"rendered":"<p>Espa\u00e7os oferecem desde itens para preparo do chimarr\u00e3o a souvenirs, lanches r\u00e1pidos e a tradicional foto de recorda\u00e7\u00e3o da visita.<\/p>\n<p>&nbsp;<\/p>\n<p>Consolidado como um dos cart\u00f5es-postais da Serra Ga\u00facha, o Parque do Caracol, em Canela, oferece aos seus mais de 200 mil visitantes anuais uma experi\u00eancia completa, unindo contato com a natureza, atra\u00e7\u00f5es de aventura e lazer e, tamb\u00e9m, 12 lojas com op\u00e7\u00f5es de compras e gastronomia que complementam o passeio ao atrativo. Os espa\u00e7os ficam localizados na Pra\u00e7a dos Ga\u00fachos, nova \u00e1rea de acesso ao parque.<\/p>\n<p>&nbsp;<\/p>\n<p>Uma das opera\u00e7\u00f5es \u00e9 a Vin\u00edcola Jolimont, tradicional marca de Canela, que oferece aos visitantes degusta\u00e7\u00e3o gratuita de sua ampla variedade de vinhos, sucos e espumantes.<\/p>\n<p>&nbsp;<\/p>\n<p>Junta-se ao mix, a Fam\u00edlia Chaulet Salamaria, eleita a melhor loja de produtos coloniais da Serra Ga\u00facha. No espa\u00e7o \u00e9 poss\u00edvel experimentar diversas iguarias como queijo gran padano, lombo defumado, salame de tomate seco e cogumelo funghi, doce de leite, geleias, cacha\u00e7as e licores.<\/p>\n<p>&nbsp;<\/p>\n<p>\u201cEsses espa\u00e7os ampliam a experi\u00eancia dos visitantes no Parque do Caracol para al\u00e9m das nossas trilhas, churrasqueiras, Observat\u00f3rio e contato com a natureza. Nossos parceiros agregam ainda mais ao passeio, fazendo com que as pessoas passem mais tempo com a gente, tendo op\u00e7\u00f5es de compras e alimenta\u00e7\u00e3o \u00e0 disposi\u00e7\u00e3o\u201d, afirma Sandra Ferraz, gerente geral do atrativo.<\/p>\n<p>&nbsp;<\/p>\n<p>Uma das op\u00e7\u00f5es de gastronomia situadas no Parque do Caracol \u00e9 a loja do Royal Trudel, que oferece o tradicional doce romeno feito \u00e0 base de uma massa de p\u00e3o doce assada em um \u201cespeto\u201d, com a\u00e7\u00facar e canela, e servido com diversas op\u00e7\u00f5es de recheios e adicionais como pistache e sorvete. A marca, que \u00e9 uma das novas opera\u00e7\u00f5es do atrativo da serra, tamb\u00e9m oferece vers\u00f5es salgadas. J\u00e1 a loja da Waiss, coloca \u00e0 disposi\u00e7\u00e3o dos visitantes chocolates, sorvetes e caf\u00e9, al\u00e9m de um carrinho de pipoca nas op\u00e7\u00f5es doce e salgada.<\/p>\n<p>&nbsp;<\/p>\n<p>Para garantir aquela lembran\u00e7a de Canela e do Parque do Caracol, outras duas opera\u00e7\u00f5es situadas na Pra\u00e7a dos Ga\u00fachos s\u00e3o as lojas da Art Castelo. Uma delas, \u00e9 dedicada a roupas e acess\u00f3rios de malha, ideais para curtir o friozinho da Serra Ga\u00facha com conforto e estilo. J\u00e1 a outra destaca-se por sua especializa\u00e7\u00e3o em cutelaria, dispondo de uma ampla variedade de facas artesanais que podem ser personalizadas, ideais para presentear. A segunda loja conta ainda com artigos de couro e souvenires diversos.<\/p>\n<p>&nbsp;<\/p>\n<p>Novas opera\u00e7\u00f5es foram inauguradas em maio<\/p>\n<p>&nbsp;<\/p>\n<p>Inauguradas junto \u00e0 reabertura do atrativo, em maio, as lojas Mate On e Mateio est\u00e3o entre as novas opera\u00e7\u00f5es. Com propostas diferenciadas, mas alinhadas ao prop\u00f3sito do parque de valorizar as ra\u00edzes ga\u00fachas, os espa\u00e7os oferecem aos canelenses e turistas os mais variados itens para o preparo do chimarr\u00e3o, como cuias, bombas, t\u00e9rmicas e a pr\u00f3pria erva-mate.<\/p>\n<p>&nbsp;<\/p>\n<p>Para os visitantes que quiserem provar o famoso chimarr\u00e3o, bebida t\u00edpica do Sul, a loja da Mateio permite a degusta\u00e7\u00e3o gratuita da bebida. J\u00e1 a Mate On amplia as possibilidades e disponibiliza uma linha completa de produtos saud\u00e1veis \u00e0 base de erva-mate.<\/p>\n<p>&nbsp;<\/p>\n<p>Outra novidade \u00e9 a Casa do Viajante, situada na famosa \u201ccasinha de pedra\u201d do Parque do Caracol. Especializada em aluguel de itens para facilitar a vida de turistas e fam\u00edlias, na loja podem ser comprados ou alugados itens como carrinhos de beb\u00ea, capas de chuva, grelhas, espetos, cadeiras de rodas e outra infinidade de itens, garantindo conforto e praticidade no passeio.<\/p>\n<p>&nbsp;<\/p>\n<p>A loja oficial de fotografia do parque agora tamb\u00e9m est\u00e1 localizada na Pra\u00e7a dos Ga\u00fachos. No espa\u00e7o, os visitantes s\u00e3o convidados a tirarem fotos com diferentes cen\u00e1rios, registros que podem ser comprados ao final do passeio.<\/p>\n<p>&nbsp;<\/p>\n<p>J\u00e1 na \u00e1rea interna do Parque, os moradores e turistas podem usufruir ainda do Restaurante Sabor &amp; Flor, que conta com um buffet de comida caseira preparada com muito carinho pela Dona Dilce Cavalli para o almo\u00e7o, al\u00e9m de lanches como o tradicional xis ga\u00facho e cestas de piquenique. Outra op\u00e7\u00e3o \u00e9 o \u201cCaf\u00e9 Ra\u00edzes\u201d, novidade inaugurada recentemente e que est\u00e1 localizada junto \u00e0 Casa Ra\u00edzes. O espa\u00e7o oferece del\u00edcias como caf\u00e9 e bolinho caseiro.<\/p>\n<p>&nbsp;<\/p>\n<p>Programa\u00e7\u00e3o cultural gera movimento nas lojas<\/p>\n<p>Realizada aos s\u00e1bados e domingos, das 11h \u00e0s 14h30, na Pra\u00e7a dos Ga\u00fachos, a programa\u00e7\u00e3o cultural do Parque do Caracol vem proporcionando, al\u00e9m de apresenta\u00e7\u00f5es art\u00edsticas, um aumento no movimento e nas vendas das lojas.<\/p>\n<p>&nbsp;<\/p>\n<p>Paula Hoepfner, s\u00f3cia-propriet\u00e1ria da loja Mate On, elogia a revitaliza\u00e7\u00e3o do atrativo e a implementa\u00e7\u00e3o da programa\u00e7\u00e3o especial. \u201cA revitaliza\u00e7\u00e3o, junto com a programa\u00e7\u00e3o cultural do parque est\u00e1 chamando bastante a aten\u00e7\u00e3o dos visitantes. As pessoas v\u00eam buscar algo na loja para consumir, o espa\u00e7o n\u00e3o \u00e9 mais um simples ponto de passagem e tem gerado um movimento muito bem-vindo para n\u00f3s\u201d, destaca.<\/p>\n<p>&nbsp;<\/p>\n<p>Fl\u00e1vio Chaulet, propriet\u00e1rio da Salamaria e Cutelaria Fam\u00edlia Chaulet tamb\u00e9m comemora as mudan\u00e7as. \u201cPara n\u00f3s, as modifica\u00e7\u00f5es realizadas para a reabertura foram \u00f3timas, pois trouxe melhoria no fluxo de pessoas, um ambiente mais aconchegante para eles, com mais espa\u00e7os de conviv\u00eancia e novas atra\u00e7\u00f5es, que est\u00e3o impactando de maneira positiva a experi\u00eancia, o que resulta em um aumento significativo de nossas vendas\u201d, afirma.<\/p>\n<p>&nbsp;<\/p>\n<p>Chaulet acredita tamb\u00e9m que com a inaugura\u00e7\u00e3o das pr\u00f3ximas atra\u00e7\u00f5es, como um novo Mirante da Cascata, a experi\u00eancia do visitante aumentar\u00e1 ainda mais, o que beneficia as lojas tamb\u00e9m: \u201cDamos parab\u00e9ns ao Grupo Iter pelo empenho, idealiza\u00e7\u00e3o e organiza\u00e7\u00e3o deste projeto que impacta de maneira positiva o turismo aqui da Serra Ga\u00facha\u201d.<\/p>\n<p>&nbsp;<\/p>\n<p>Para acessar qualquer uma das lojas, o visitante precisa adquirir ingresso para o parque, que est\u00e1 com valores promocionais de reabertura &#8211; R$ 49,90 antecipado no site oficial ou R$ 59,90 na bilheteria.<\/p>\n<p>&nbsp;<\/p>\n<p>Nascidos ou moradores do Rio Grande do Sul t\u00eam desconto especial e pagam somente R$ 37 no Bilhete Ga\u00facho, condi\u00e7\u00e3o v\u00e1lida mediante documenta\u00e7\u00e3o comprobat\u00f3ria e para os ingressos adquiridos exclusivamente no site. J\u00e1 canelenses e gramadenses s\u00e3o isentos e pagam o valor fixo de R$ 15 no estacionamento.<\/p>\n<p>&nbsp;<\/p>\n<p>O Parque do Caracol est\u00e1 localizado na Rodovia RS 466, km 0, s\/n &#8211; Caracol e funciona de quinta a segunda, das 9h \u00e0s 17h.<\/p>\n<p>&nbsp;<\/p>\n<p>PARQUE DO CARACOL CANELA-RS<\/p>\n<p>&nbsp;<\/p>\n<p>Endere\u00e7o: Rodovia RS 466, km 0, s\/n &#8211; Caracol, Canela &#8211; RS, 95680-000<\/p>\n<p>Funcionamento: de quinta a segunda-feira, das 9h \u00e0s 17h<\/p>\n<p>Ingressos: R$ 49,90 antecipado no site ou R$ 59,90 na bilheteria.<\/p>\n<p>Bilhete Ga\u00facho: R$ 37<\/p>\n<p>Isen\u00e7\u00e3o:<\/p>\n<p>&#8211; Pessoas nascidas ou moradoras de Canela e Gramado, mediante documenta\u00e7\u00e3o comprobat\u00f3ria<\/p>\n<p>&#8211; Cadeirantes<\/p>\n<p>&#8211; Guias de turismo inscritos na Cadastur<\/p>\n<p>&#8211; Crian\u00e7as at\u00e9 5 anos<\/p>\n<p>Meia-entrada:<\/p>\n<p>&#8211; Pessoas acima de 60 anos, mediante a apresenta\u00e7\u00e3o de documento oficial com foto, conforme artigo 23 da lei 10.741\/2003.<\/p>\n<p>&#8211; Crian\u00e7as (de 6 a 11 anos), mediante a apresenta\u00e7\u00e3o de documento oficial com foto;<\/p>\n<p>&#8211; Estudantes, mediante a apresenta\u00e7\u00e3o de carteira de estudante, conforme 2\u00ba do art. 1\u00ba da Lei n\u00ba12.933, de 2013;<\/p>\n<p>&#8211; PcD e Acompanhante, mediante a apresenta\u00e7\u00e3o de laudo m\u00e9dico e\/ou documento oficial com foto.<\/p>\n<p>Estacionamento: R$15 (valor especial para canelenses e gramadenses). Para os demais visitantes, o valor \u00e9 R$ 30.<\/p>\n<p>Site e redes sociais<\/p>\n<p>https:\/\/www.parquecaracol.com.br\/<\/p>\n<p>https:\/\/www.instagram.com\/parquedocaracol\/<\/p>\n<p>https:\/\/www.facebook.com\/parquedocaracoloficial\/<\/p>\n","protected":false},"excerpt":{"rendered":"<p>Espa\u00e7os oferecem desde itens para preparo do chimarr\u00e3o a souvenirs, lanches r\u00e1pidos e a tradicional foto de recorda\u00e7\u00e3o da visita. &nbsp; Consolidado como um dos &hellip; <\/p>\n","protected":false},"author":2,"featured_media":24314,"comment_status":"closed","ping_status":"closed","sticky":false,"template":"","format":"standard","meta":{"footnotes":""},"categories":[2],"tags":[],"class_list":["post-24312","post","type-post","status-publish","format-standard","has-post-thumbnail","hentry","category-noticias","latest_post"],"_links":{"self":[{"href":"https:\/\/gilpimentel.com.br\/site\/wp-json\/wp\/v2\/posts\/24312","targetHints":{"allow":["GET"]}}],"collection":[{"href":"https:\/\/gilpimentel.com.br\/site\/wp-json\/wp\/v2\/posts"}],"about":[{"href":"https:\/\/gilpimentel.com.br\/site\/wp-json\/wp\/v2\/types\/post"}],"author":[{"embeddable":true,"href":"https:\/\/gilpimentel.com.br\/site\/wp-json\/wp\/v2\/users\/2"}],"replies":[{"embeddable":true,"href":"https:\/\/gilpimentel.com.br\/site\/wp-json\/wp\/v2\/comments?post=24312"}],"version-history":[{"count":1,"href":"https:\/\/gilpimentel.com.br\/site\/wp-json\/wp\/v2\/posts\/24312\/revisions"}],"predecessor-version":[{"id":24315,"href":"https:\/\/gilpimentel.com.br\/site\/wp-json\/wp\/v2\/posts\/24312\/revisions\/24315"}],"wp:featuredmedia":[{"embeddable":true,"href":"https:\/\/gilpimentel.com.br\/site\/wp-json\/wp\/v2\/media\/24314"}],"wp:attachment":[{"href":"https:\/\/gilpimentel.com.br\/site\/wp-json\/wp\/v2\/media?parent=24312"}],"wp:term":[{"taxonomy":"category","embeddable":true,"href":"https:\/\/gilpimentel.com.br\/site\/wp-json\/wp\/v2\/categories?post=24312"},{"taxonomy":"post_tag","embeddable":true,"href":"https:\/\/gilpimentel.com.br\/site\/wp-json\/wp\/v2\/tags?post=24312"}],"curies":[{"name":"wp","href":"https:\/\/api.w.org\/{rel}","templated":true}]}}