{"id":24288,"date":"2025-07-03T18:30:07","date_gmt":"2025-07-03T21:30:07","guid":{"rendered":"https:\/\/gilpimentel.com.br\/site\/?p=24288"},"modified":"2025-07-03T18:30:07","modified_gmt":"2025-07-03T21:30:07","slug":"colheita-ao-luar-2025-enoturismo-alta-gastronomia-e-vivencia-exclusiva-na-vinicola-goes","status":"publish","type":"post","link":"https:\/\/gilpimentel.com.br\/site\/colheita-ao-luar-2025-enoturismo-alta-gastronomia-e-vivencia-exclusiva-na-vinicola-goes\/","title":{"rendered":"COLHEITA AO LUAR 2025: ENOTURISMO, ALTA GASTRONOMIA E VIV\u00caNCIA EXCLUSIVA NA VIN\u00cdCOLA G\u00d3ES"},"content":{"rendered":"<p>Chef Raul Lemos assina jantar harmonizado com r\u00f3tulos premiados da vin\u00edcola em noites \u00fanicas de celebra\u00e7\u00e3o e conex\u00e3o com a natureza<\/p>\n<p>&nbsp;<\/p>\n<p>Um convite para viver uma noite memor\u00e1vel entre parreirais iluminados pela lua: a Vin\u00edcola G\u00f3es realiza mais uma edi\u00e7\u00e3o da Colheita ao Luar, nos dias 25 e 26 de julho, e 01 e 02 de agosto, em S\u00e3o Roque, a menos de uma hora da capital paulista. A experi\u00eancia exclusiva une enoturismo, gastronomia de alto padr\u00e3o e uma atmosfera \u00fanica de inverno, posicionando o interior de S\u00e3o Paulo como destino nacional para apreciadores de vinho e viv\u00eancias aut\u00eanticas.<\/p>\n<p>&nbsp;<\/p>\n<p>A Colheita ao Luar se tornou um dos eventos mais aguardados do calend\u00e1rio enotur\u00edstico do pa\u00eds. Recebendo mais de 180 mil visitantes por ano, a Vin\u00edcola G\u00f3es \u00e9 pioneira em colocar o estado de S\u00e3o Paulo na rota dos grandes roteiros de inverno do enoturismo brasileiro, atraindo apaixonados por vinho de todo o Brasil que buscam experi\u00eancias \u00fanicas.<\/p>\n<p>&nbsp;<\/p>\n<p>Exclusividade, tradi\u00e7\u00e3o e inova\u00e7\u00e3o no cora\u00e7\u00e3o do interior paulista<\/p>\n<p>&nbsp;<\/p>\n<p>Logo na chegada, os convidados s\u00e3o recebidos com uma charmosa mesa de antepastos e espumantes G\u00f3es. Em seguida, participam de uma imers\u00e3o guiada nos vinhedos, onde o en\u00f3logo da casa compartilha curiosidades sobre as uvas finas e a t\u00e9cnica da dupla poda, m\u00e9todo que permite a colheita no inverno e confere maior qualidade aos vinhos.<\/p>\n<p>&nbsp;<\/p>\n<p>O momento mais simb\u00f3lico da noite \u00e9 a colheita noturna das uvas, feita \u00e0 luz do luar, proporcionando uma experi\u00eancia sensorial que conecta os cinco sentidos \u00e0 terra e ao vinho. Na sequ\u00eancia, os convidados s\u00e3o conduzidos para um jantar \u00e0 luz de velas, ao som de m\u00fasica ao vivo e com uma fogueira acesa, aquecendo o clima da serra.<\/p>\n<p>&nbsp;<\/p>\n<p>Alta gastronomia e vinhos premiados em perfeita harmonia<\/p>\n<p>&nbsp;<\/p>\n<p>Nesta edi\u00e7\u00e3o, a experi\u00eancia gastron\u00f4mica ganha um ingrediente especial: o menu exclusivo \u00e9 assinado por Raul Lemos, chef criativo e vice-campe\u00e3o do MasterChef Brasil. Inspirado na cozinha mediterr\u00e2nea, o card\u00e1pio em tr\u00eas tempos ser\u00e1 harmonizado com os r\u00f3tulos premiados da Vin\u00edcola G\u00f3es, reconhecidos em concursos pela sua qualidade e inova\u00e7\u00e3o.<\/p>\n<p>&nbsp;<\/p>\n<p>&#8220;Estamos muito orgulhosos por oferecer uma experi\u00eancia t\u00e3o completa e sensorial, que celebra o vinho, a gastronomia e o turismo. A Colheita ao Luar \u00e9 um reflexo da nossa voca\u00e7\u00e3o para inovar e proporcionar momentos inesquec\u00edveis&#8221;, afirma Cl\u00e1udio G\u00f3es, presidente da Vin\u00edcola G\u00f3es.<\/p>\n<p>&nbsp;<\/p>\n<p>Noite m\u00e1gica \u00e0 beira da fogueira com degusta\u00e7\u00f5es e luau exclusivo<\/p>\n<p>&nbsp;<\/p>\n<p>Al\u00e9m do jantar harmonizado, os participantes ter\u00e3o acesso \u00e0 degusta\u00e7\u00e3o de um r\u00f3tulo in\u00e9dito, lan\u00e7amento aguardado da casa, que ser\u00e1 revelado durante o evento. Para encerrar a noite, um luau com open bar de vinhos e m\u00fasica ao vivo \u00e0 beira da fogueira cria o cen\u00e1rio ideal para brindar, celebrar e eternizar a experi\u00eancia.<\/p>\n<p>&nbsp;<\/p>\n<p>Com tecnologia de ponta na produ\u00e7\u00e3o e vinhos de alta qualidade, a Vin\u00edcola G\u00f3es vem conquistando pr\u00eamios como o Gran Ouro e outras medalhas douradas na Wine South America 2025, fortalecendo o reconhecimento dos vinhos paulistas no cen\u00e1rio nacional. A Colheita ao Luar reafirma esse posicionamento ao oferecer uma viv\u00eancia exclusiva que une terroir, tradi\u00e7\u00e3o e sofistica\u00e7\u00e3o.<\/p>\n<p>&nbsp;<\/p>\n<p>Sobre a Vin\u00edcola G\u00f3es: A Vin\u00edcola G\u00f3es \u00e9 uma empresa familiar, 100% brasileira, com sede na cidade de S\u00e3o Roque, estado de S\u00e3o Paulo, Brasil. Al\u00e9m dos vinhedos pr\u00f3prios e das modernas instala\u00e7\u00f5es de produ\u00e7\u00e3o, processamento e envase de vinhos e bebidas, a empresa conta com um destacado Complexo Enotur\u00edstico, que integra o Roteiro do Vinho da cidade de S\u00e3o Roque. Na sede o paisagismo exuberante atrai o olhar e convida ao descanso. Em seu entorno h\u00e1 uma estrutura de lazer completa, com playground, lojas, caf\u00e9s, Wine Bar e restaurantes. A equipe altamente capacitada conduz degusta\u00e7\u00f5es, visitas aos parreirais, harmoniza\u00e7\u00f5es e eventos especiais. O espa\u00e7o enotur\u00edstico tem o privil\u00e9gio de ser um dos melhores avaliados pelos visitantes, de acordo com o TripAdvisor. Para mais informa\u00e7\u00f5es sobre os atrativos tur\u00edsticos, visite as redes sociais da empresa no Facebook e Instagram (@vinicolagoes).<\/p>\n","protected":false},"excerpt":{"rendered":"<p>Chef Raul Lemos assina jantar harmonizado com r\u00f3tulos premiados da vin\u00edcola em noites \u00fanicas de celebra\u00e7\u00e3o e conex\u00e3o com a natureza &nbsp; Um convite para &hellip; <\/p>\n","protected":false},"author":2,"featured_media":24289,"comment_status":"closed","ping_status":"closed","sticky":false,"template":"","format":"standard","meta":{"footnotes":""},"categories":[2],"tags":[],"class_list":["post-24288","post","type-post","status-publish","format-standard","has-post-thumbnail","hentry","category-noticias","latest_post"],"_links":{"self":[{"href":"https:\/\/gilpimentel.com.br\/site\/wp-json\/wp\/v2\/posts\/24288","targetHints":{"allow":["GET"]}}],"collection":[{"href":"https:\/\/gilpimentel.com.br\/site\/wp-json\/wp\/v2\/posts"}],"about":[{"href":"https:\/\/gilpimentel.com.br\/site\/wp-json\/wp\/v2\/types\/post"}],"author":[{"embeddable":true,"href":"https:\/\/gilpimentel.com.br\/site\/wp-json\/wp\/v2\/users\/2"}],"replies":[{"embeddable":true,"href":"https:\/\/gilpimentel.com.br\/site\/wp-json\/wp\/v2\/comments?post=24288"}],"version-history":[{"count":1,"href":"https:\/\/gilpimentel.com.br\/site\/wp-json\/wp\/v2\/posts\/24288\/revisions"}],"predecessor-version":[{"id":24290,"href":"https:\/\/gilpimentel.com.br\/site\/wp-json\/wp\/v2\/posts\/24288\/revisions\/24290"}],"wp:featuredmedia":[{"embeddable":true,"href":"https:\/\/gilpimentel.com.br\/site\/wp-json\/wp\/v2\/media\/24289"}],"wp:attachment":[{"href":"https:\/\/gilpimentel.com.br\/site\/wp-json\/wp\/v2\/media?parent=24288"}],"wp:term":[{"taxonomy":"category","embeddable":true,"href":"https:\/\/gilpimentel.com.br\/site\/wp-json\/wp\/v2\/categories?post=24288"},{"taxonomy":"post_tag","embeddable":true,"href":"https:\/\/gilpimentel.com.br\/site\/wp-json\/wp\/v2\/tags?post=24288"}],"curies":[{"name":"wp","href":"https:\/\/api.w.org\/{rel}","templated":true}]}}