{"id":23725,"date":"2025-06-26T13:35:00","date_gmt":"2025-06-26T16:35:00","guid":{"rendered":"https:\/\/gilpimentel.com.br\/site\/?p=23725"},"modified":"2025-06-26T13:35:00","modified_gmt":"2025-06-26T16:35:00","slug":"cristina-marigo-inaugura-temporada-de-individuais-da-gal-com-a-exposicao-de-algum-lugar-vem-essa-forca-toda","status":"publish","type":"post","link":"https:\/\/gilpimentel.com.br\/site\/cristina-marigo-inaugura-temporada-de-individuais-da-gal-com-a-exposicao-de-algum-lugar-vem-essa-forca-toda\/","title":{"rendered":"CRISTINA MARIGO INAUGURA TEMPORADA DE INDIVIDUAIS DA GAL COM A EXPOSI\u00c7\u00c3O &#8220;DE ALGUM LUGAR VEM ESSA FOR\u00c7A TODA&#8221;"},"content":{"rendered":"<p>A GAL Arte &amp; Pesquisa apresenta a partir do dia 30 de junho de 2025 a exposi\u00e7\u00e3o \u201cDe Algum Lugar Vem Essa For\u00e7a Toda\u201d, individual da artista Cristina Marigo (1955, Governador Valadares \u2013 MG). A mostra marca o in\u00edcio da programa\u00e7\u00e3o de individuais da galeria em 2025, que ser\u00e1 dedicada a artistas mineiras de diferentes gera\u00e7\u00f5es: Cristina Marigo, Clara Valente (1971, Belo Horizonte \u2013 MG) e Giulia Puntel (1992, Belo Horizonte \u2013 MG). Artistas cujas pesquisas s\u00e3o atravessadas pelo desafio de construir uma trajet\u00f3ria art\u00edstica no presente, inventando formas de criar e sustentar suas pr\u00e1ticas.<\/p>\n<p>&nbsp;<\/p>\n<p>Na exposi\u00e7\u00e3o, Cristina re\u00fane tr\u00eas s\u00e9ries distintas de pinturas realizadas entre 2019 e 2025. Com gestos sobrepostos, cores intensas e camadas que nunca se encerram, suas obras revelam um processo acumulativo e persistente, que se constr\u00f3i no tempo e pela repeti\u00e7\u00e3o do fazer. A mostra celebra n\u00e3o s\u00f3 o vigor dessa produ\u00e7\u00e3o, mas tamb\u00e9m o reconhecimento de uma trajet\u00f3ria constru\u00edda com autonomia e continuidade \u2014 longe dos centros institucionais de consagra\u00e7\u00e3o.<\/p>\n<p>&nbsp;<\/p>\n<p>Ao longo de 2025, a GAL dedica sua programa\u00e7\u00e3o de individuais a artistas que v\u00eam tra\u00e7ando percursos pr\u00f3prios no circuito contempor\u00e2neo, muitas vezes \u00e0 margem do mercado e das estruturas formais. S\u00e3o pr\u00e1ticas que afirmam resist\u00eancia, liberdade e escuta \u2014 e que merecem ser vistas com aten\u00e7\u00e3o.<\/p>\n<p>&nbsp;<\/p>\n<p>A abertura acontece no dia 30 de junho, segunda-feira, das 17h \u00e0s 21h, na GAL Cidade Jardim. A entrada \u00e9 gratuita.<\/p>\n<p>&nbsp;<\/p>\n<p>Servi\u00e7o<\/p>\n<p>&nbsp;<\/p>\n<p>De Algum Lugar Vem Essa For\u00e7a Toda<\/p>\n<p>Exposi\u00e7\u00e3o individual de Cristina Marigo<\/p>\n<p>Abertura: segunda-feira, 30 de junho de 2025, das 17h \u00e0s 21h<\/p>\n<p>Em cartaz at\u00e9 9 de agosto de 2025<\/p>\n<p>GAL Cidade Jardim \u2013 Rua Sinval de S\u00e1, 586, Cidade Jardim, Belo Horizonte \u2013 MG<\/p>\n<p>Entrada gratuita<\/p>\n","protected":false},"excerpt":{"rendered":"<p>A GAL Arte &amp; Pesquisa apresenta a partir do dia 30 de junho de 2025 a exposi\u00e7\u00e3o \u201cDe Algum Lugar Vem Essa For\u00e7a Toda\u201d, individual &hellip; <\/p>\n","protected":false},"author":2,"featured_media":23726,"comment_status":"closed","ping_status":"closed","sticky":false,"template":"","format":"standard","meta":{"footnotes":""},"categories":[2],"tags":[],"class_list":["post-23725","post","type-post","status-publish","format-standard","has-post-thumbnail","hentry","category-noticias","latest_post"],"_links":{"self":[{"href":"https:\/\/gilpimentel.com.br\/site\/wp-json\/wp\/v2\/posts\/23725","targetHints":{"allow":["GET"]}}],"collection":[{"href":"https:\/\/gilpimentel.com.br\/site\/wp-json\/wp\/v2\/posts"}],"about":[{"href":"https:\/\/gilpimentel.com.br\/site\/wp-json\/wp\/v2\/types\/post"}],"author":[{"embeddable":true,"href":"https:\/\/gilpimentel.com.br\/site\/wp-json\/wp\/v2\/users\/2"}],"replies":[{"embeddable":true,"href":"https:\/\/gilpimentel.com.br\/site\/wp-json\/wp\/v2\/comments?post=23725"}],"version-history":[{"count":1,"href":"https:\/\/gilpimentel.com.br\/site\/wp-json\/wp\/v2\/posts\/23725\/revisions"}],"predecessor-version":[{"id":23727,"href":"https:\/\/gilpimentel.com.br\/site\/wp-json\/wp\/v2\/posts\/23725\/revisions\/23727"}],"wp:featuredmedia":[{"embeddable":true,"href":"https:\/\/gilpimentel.com.br\/site\/wp-json\/wp\/v2\/media\/23726"}],"wp:attachment":[{"href":"https:\/\/gilpimentel.com.br\/site\/wp-json\/wp\/v2\/media?parent=23725"}],"wp:term":[{"taxonomy":"category","embeddable":true,"href":"https:\/\/gilpimentel.com.br\/site\/wp-json\/wp\/v2\/categories?post=23725"},{"taxonomy":"post_tag","embeddable":true,"href":"https:\/\/gilpimentel.com.br\/site\/wp-json\/wp\/v2\/tags?post=23725"}],"curies":[{"name":"wp","href":"https:\/\/api.w.org\/{rel}","templated":true}]}}