{"id":22696,"date":"2025-06-12T09:43:53","date_gmt":"2025-06-12T12:43:53","guid":{"rendered":"https:\/\/gilpimentel.com.br\/site\/?p=22696"},"modified":"2025-06-11T21:46:04","modified_gmt":"2025-06-12T00:46:04","slug":"times-square-do-brasil-sera-inaugurada-em-setembro-e-tera-homenagem-ao-rio-grande-do-sul","status":"publish","type":"post","link":"https:\/\/gilpimentel.com.br\/site\/times-square-do-brasil-sera-inaugurada-em-setembro-e-tera-homenagem-ao-rio-grande-do-sul\/","title":{"rendered":"TIMES SQUARE DO BRASIL SER\u00c1 INAUGURADA EM SETEMBRO E TER\u00c1 HOMENAGEM AO RIO GRANDE DO SUL"},"content":{"rendered":"<p>Times Square do Brasil ser\u00e1 inaugurada em setembro e ter\u00e1 homenagem ao Rio Grande do Su<\/p>\n<p>Um dos principais pontos tur\u00edsticos do mundo, a Times Square, de Nova Iorque, ganhar\u00e1 uma vers\u00e3o brasileira em Balne\u00e1rio Cambori\u00fa. Um tel\u00e3o de LED gigante ser\u00e1 instalado na esquina das avenidas Brasil e Alvin Bauer \u2014 a mais movimentada da cidade, por onde circulam 12 mil pessoas por dia.<\/p>\n<p>&nbsp;<\/p>\n<p>Com 5 andares de altura e 110m\u00b2 de \u00e1rea, o tel\u00e3o ser\u00e1 inaugurado em setembro e exibir\u00e1 uma programa\u00e7\u00e3o em homenagem ao Rio Grande do Sul. Moradores e turistas que passarem pelo local poder\u00e3o conferir destaques das festividades alusivas \u00e0 Semana Farroupilha realizadas em terras catarinenses. O espa\u00e7o ser\u00e1 aberto para a programa\u00e7\u00e3o do Acampamento Farroupilha de Balne\u00e1rio Cambori\u00fa, por exemplo.<\/p>\n<p>&nbsp;<\/p>\n<p>\u201cSabemos o quanto os dois estados est\u00e3o conectados, seja pelos acontecimentos hist\u00f3ricos, seja por essa integra\u00e7\u00e3o cada vez maior entre os dois povos. Nos \u00faltimos anos vimos, por exemplo, trag\u00e9dias clim\u00e1ticas atingirem os ga\u00fachos e o pessoal daqui correr em socorro \u00e0s v\u00edtimas. E as enchentes aqui em Balne\u00e1rio tamb\u00e9m provocaram uma onda de solidariedade entre os ga\u00fachos. N\u00e3o temos como deixar datas assim, momentos de celebra\u00e7\u00e3o, passarem em branco\u201d, salientou o empres\u00e1rio Carlos Nacli, idealizador e s\u00f3cio da Times Square Brasil.<\/p>\n<p>O parceiro na opera\u00e7\u00e3o do LED dever\u00e1 ser ga\u00facho. Os \u00faltimos acertos est\u00e3o sendo conclu\u00eddos para o an\u00fancio do aplicativo pelo qual ser\u00e1 poss\u00edvel interagir e veicular conte\u00fados no tel\u00e3o. Os propriet\u00e1rios tamb\u00e9m buscam um patrocinador que ter\u00e1 os chamados naming rights, estrat\u00e9gia na qual uma empresa compra os direitos de ter o seu nome associado ao projeto.<\/p>\n<p>&nbsp;<\/p>\n<p>O tel\u00e3o de LED que promete transformar a esquina num dos principais pontos tur\u00edsticos de Balne\u00e1rio Cambori\u00fa, integra o projeto do New York Food Lounge. O complexo gastron\u00f4mico \u00e9 todo inspirado na Big Apple e os ambientes reproduzem a atmosfera de esta\u00e7\u00f5es de metr\u00f4, mercados, parques, instala\u00e7\u00f5es art\u00edsticas e \u00e1reas revitalizadas, como Meatpacking District, Chelsea Market e a High Line.<\/p>\n<p>O complexo gastron\u00f4mico<\/p>\n<p>O NY Food Lounge ter\u00e1 1.600m\u00b2, acessos pelas duas avenidas (Brasil e Alvin Bauer), 26 bares e restaurantes, entre outros servi\u00e7os de alimenta\u00e7\u00e3o, e capacidade para 350 pessoas sentadas. O complexo gastron\u00f4mico contar\u00e1 tamb\u00e9m com palco para atra\u00e7\u00f5es culturais, espa\u00e7o kids, \u00e1rea de delivery para agilizar a entrega de pedidos das opera\u00e7\u00f5es a motoboys e estacionamento coberto.<\/p>\n<p>&nbsp;<\/p>\n<p>O investimento total, em obras e mais o im\u00f3vel, foi de R$ 50 milh\u00f5es. Os espa\u00e7os ainda est\u00e3o sendo comercializados. Os donos do empreendimento, que est\u00e1 com 70% das obras conclu\u00eddas e soft opening previsto para julho, est\u00e3o priorizando empresas dos tr\u00eas estados do sul e selecionando os interessados de forma a garantir um mix variado para atender a todos os gostos e bolsos. Duas empresas ga\u00fachas j\u00e1 decidiram abrir opera\u00e7\u00f5es no local.<\/p>\n","protected":false},"excerpt":{"rendered":"<p>Times Square do Brasil ser\u00e1 inaugurada em setembro e ter\u00e1 homenagem ao Rio Grande do Su Um dos principais pontos tur\u00edsticos do mundo, a Times &hellip; <\/p>\n","protected":false},"author":2,"featured_media":22697,"comment_status":"closed","ping_status":"closed","sticky":false,"template":"","format":"standard","meta":{"footnotes":""},"categories":[2],"tags":[],"class_list":["post-22696","post","type-post","status-publish","format-standard","has-post-thumbnail","hentry","category-noticias","latest_post"],"_links":{"self":[{"href":"https:\/\/gilpimentel.com.br\/site\/wp-json\/wp\/v2\/posts\/22696","targetHints":{"allow":["GET"]}}],"collection":[{"href":"https:\/\/gilpimentel.com.br\/site\/wp-json\/wp\/v2\/posts"}],"about":[{"href":"https:\/\/gilpimentel.com.br\/site\/wp-json\/wp\/v2\/types\/post"}],"author":[{"embeddable":true,"href":"https:\/\/gilpimentel.com.br\/site\/wp-json\/wp\/v2\/users\/2"}],"replies":[{"embeddable":true,"href":"https:\/\/gilpimentel.com.br\/site\/wp-json\/wp\/v2\/comments?post=22696"}],"version-history":[{"count":1,"href":"https:\/\/gilpimentel.com.br\/site\/wp-json\/wp\/v2\/posts\/22696\/revisions"}],"predecessor-version":[{"id":22698,"href":"https:\/\/gilpimentel.com.br\/site\/wp-json\/wp\/v2\/posts\/22696\/revisions\/22698"}],"wp:featuredmedia":[{"embeddable":true,"href":"https:\/\/gilpimentel.com.br\/site\/wp-json\/wp\/v2\/media\/22697"}],"wp:attachment":[{"href":"https:\/\/gilpimentel.com.br\/site\/wp-json\/wp\/v2\/media?parent=22696"}],"wp:term":[{"taxonomy":"category","embeddable":true,"href":"https:\/\/gilpimentel.com.br\/site\/wp-json\/wp\/v2\/categories?post=22696"},{"taxonomy":"post_tag","embeddable":true,"href":"https:\/\/gilpimentel.com.br\/site\/wp-json\/wp\/v2\/tags?post=22696"}],"curies":[{"name":"wp","href":"https:\/\/api.w.org\/{rel}","templated":true}]}}