{"id":20815,"date":"2025-05-22T18:02:54","date_gmt":"2025-05-22T21:02:54","guid":{"rendered":"https:\/\/gilpimentel.com.br\/site\/?p=20815"},"modified":"2025-05-22T18:02:54","modified_gmt":"2025-05-22T21:02:54","slug":"1o-pe-no-pedal-na-rota-do-flores-leva-evento-de-ciclismo-e-habitos-saudaveis-para-tijucas-em-sc","status":"publish","type":"post","link":"https:\/\/gilpimentel.com.br\/site\/1o-pe-no-pedal-na-rota-do-flores-leva-evento-de-ciclismo-e-habitos-saudaveis-para-tijucas-em-sc\/","title":{"rendered":"1\u00ba P\u00c9 NO PEDAL &#8220;NA ROTA DO FLORES&#8221; LEVA EVENTO DE CICLISMO E H\u00c1BITOS SAUD\u00c1VEIS PARA TIJUCAS, EM SC"},"content":{"rendered":"<p>Passeio cicl\u00edstico promovido pelo Flores de Sal e Centerbikes ser\u00e1 realizado no dia 25 de maio em Tijucas, no litoral de Santa Catarina, com trajeto que passar\u00e1 por bairros e zonas rurais da cidade. Os inscritos ter\u00e3o caf\u00e9 da manh\u00e3 em local cercado pela natureza e sorteio de brindes. A inscri\u00e7\u00e3o \u00e9 gratuita mediante doa\u00e7\u00e3o de 1kg de alimento, destinados ao Lar Santa Maria da Paz. O evento reflete o conceito de bem-estar, sa\u00fade e urbaniza\u00e7\u00e3o humanizada do maior bairro-cidade do Sul do Brasil.<\/p>\n<p>Para quem gosta de pedalar ao ar livre, est\u00e3o abertas as inscri\u00e7\u00f5es para o 1\u00ba P\u00e9 no Pedal \u201cNa Rota do Flores\u201d, que ser\u00e1 realizado no dia 25 de maio, em Tijucas (SC). A participa\u00e7\u00e3o \u00e9 gratuita e para se inscrever \u00e9 necess\u00e1rio doar 1kg de alimento n\u00e3o perec\u00edvel at\u00e9 o dia 21 de maio. Os produtos ser\u00e3o destinados \u00e0 casa de repouso Lar Santa Maria da Paz, tamb\u00e9m em Tijucas. A a\u00e7\u00e3o \u00e9 uma iniciativa do bairro-cidade Flores de Sal, com realiza\u00e7\u00e3o conjunta da Centerbikes, que promove h\u00e1 mais de uma d\u00e9cada eventos ligados ao ciclismo na regi\u00e3o. As inscri\u00e7\u00f5es podem ser solicitadas pelo telefone (48) 3265-4214.<\/p>\n<p>O passeio ter\u00e1 in\u00edcio \u00e0s 7h, com sa\u00edda da frente da Centerbikes, na Rua Marechal Floriano, n\u00ba 198, no bairro Jo\u00e1ia. Os participantes passar\u00e3o pelos bairros como Timb\u00e9 e Itinga, parte da zona rural de Tijucas. A chegada ser\u00e1 na central de vendas do empreendimento Flores de Sal, onde os ciclistas ser\u00e3o recepcionados com caf\u00e9 da manh\u00e3 e sorteio de brindes.<\/p>\n<p>\u201cO Flores de Sal foi pensado para promover bem-estar e qualidade de vida desde a sua concep\u00e7\u00e3o. Por isso, para n\u00f3s, \u00e9 muito al\u00e9m de um neg\u00f3cio, \u00e9 contribuir para estimular a qualidade de vida e os benef\u00edcios de atividades como andar de bicicleta. Al\u00e9m de incentivar h\u00e1bitos saud\u00e1veis, criar eventos abertos \u00e0 comunidade fazem parte da nossa proposta de urbaniza\u00e7\u00e3o humanizada. Esse tipo de a\u00e7\u00e3o fortalece os la\u00e7os com a cidade e antecipa a experi\u00eancia de como ser\u00e1 viver em um bairro conectado com a natureza e com as pessoas\u201d, conta Luciana Pereira, diretora da Urbani Cidades, urbanizadora respons\u00e1vel pelo projeto.<\/p>\n<p>Com \u00e1rea total de 4,6 milh\u00f5es de metros quadrados, o Flores de Sal \u00e9 o maior bairro-cidade planejado do Sul do pa\u00eds. A primeira fase, com 500 mil metros quadrados, est\u00e1 em constru\u00e7\u00e3o e contempla 623 lotes residenciais e comerciais, com previs\u00e3o de entrega para abril de 2027. O empreendimento ter\u00e1 100 mil metros quadrados de \u00e1reas dedicadas a lazer, com\u00e9rcio e servi\u00e7os, incluindo o Parque das Flores, um espa\u00e7o com 70 mil metros quadrados de \u00e1reas verdes, trilhas, playgrounds e um lago de 25 mil metros quadrados. O projeto inclui ainda pra\u00e7as tem\u00e1ticas, ciclovias, espa\u00e7os pet-friendly, roteiro gastron\u00f4mico e cabeamento subterr\u00e2neo.<\/p>\n<p>Atualmente, a nova etapa de vendas conta com lotes a partir de 255 m\u00b2 e pre\u00e7os que come\u00e7am em R$ 287 mil. O parcelamento \u00e9 facilitado, direto com a urbanizadora, com entrada de R$ 28.727 e pagamento em at\u00e9 180 meses, com parcelas a partir de R$ 2.810. A expectativa da Urbani Cidades \u00e9 de valoriza\u00e7\u00e3o superior a 25% at\u00e9 o pr\u00f3ximo ano.<\/p>\n<p>Sobre a Urbani Cidades<\/p>\n<p>Urbani Cidades \u00e9 uma empresa do Grupo Petrasalis, que tamb\u00e9m inclui a Petrasalis Empreendimentos, construtora de Itaja\u00ed\/SC, com obras na Praia Brava e regi\u00e3o, e a Morton Capital, esta que atua no setor de condom\u00ednios de armaz\u00e9ns log\u00edsticos no litoral catarinense. O Grupo det\u00e9m f\u00e1bricas em outros setores como a Incotex, l\u00edder na produ\u00e7\u00e3o de malhas em rolo e tinturaria do pa\u00eds, e a Refisa, uma das maiores refinadoras de sal do Brasil. Ali\u00e1s, a hist\u00f3ria das empresas com gest\u00e3o e fortes valores familiares teve in\u00edcio com o neg\u00f3cio de representa\u00e7\u00e3o e fabrica\u00e7\u00e3o de sal h\u00e1 mais de 35 anos, idealizado pelo casal Luiz e Rose Pereira que, na \u00e9poca, come\u00e7aram a empreender em Itaja\u00ed. Com a posterior estrutura\u00e7\u00e3o da f\u00e1brica de sal na cidade de Imbituba (por conta do porto) e do crescimento do neg\u00f3cio, a fam\u00edlia come\u00e7ou a investir em terras, incluindo a Fazenda Santa Helena em Tijucas, onde est\u00e1 sendo constru\u00eddo o Flores de Sal. Ao longo do processo, membros da fam\u00edlia se especializaram em neg\u00f3cios voltados \u00e0 constru\u00e7\u00e3o, condom\u00ednios log\u00edsticos e urbaniza\u00e7\u00e3o.<\/p>\n<p>https:\/\/www.floresdesal.com.br\/<\/p>\n","protected":false},"excerpt":{"rendered":"<p>Passeio cicl\u00edstico promovido pelo Flores de Sal e Centerbikes ser\u00e1 realizado no dia 25 de maio em Tijucas, no litoral de Santa Catarina, com trajeto &hellip; <\/p>\n","protected":false},"author":2,"featured_media":20816,"comment_status":"closed","ping_status":"closed","sticky":false,"template":"","format":"standard","meta":{"footnotes":""},"categories":[2],"tags":[],"class_list":["post-20815","post","type-post","status-publish","format-standard","has-post-thumbnail","hentry","category-noticias","latest_post"],"_links":{"self":[{"href":"https:\/\/gilpimentel.com.br\/site\/wp-json\/wp\/v2\/posts\/20815","targetHints":{"allow":["GET"]}}],"collection":[{"href":"https:\/\/gilpimentel.com.br\/site\/wp-json\/wp\/v2\/posts"}],"about":[{"href":"https:\/\/gilpimentel.com.br\/site\/wp-json\/wp\/v2\/types\/post"}],"author":[{"embeddable":true,"href":"https:\/\/gilpimentel.com.br\/site\/wp-json\/wp\/v2\/users\/2"}],"replies":[{"embeddable":true,"href":"https:\/\/gilpimentel.com.br\/site\/wp-json\/wp\/v2\/comments?post=20815"}],"version-history":[{"count":1,"href":"https:\/\/gilpimentel.com.br\/site\/wp-json\/wp\/v2\/posts\/20815\/revisions"}],"predecessor-version":[{"id":20817,"href":"https:\/\/gilpimentel.com.br\/site\/wp-json\/wp\/v2\/posts\/20815\/revisions\/20817"}],"wp:featuredmedia":[{"embeddable":true,"href":"https:\/\/gilpimentel.com.br\/site\/wp-json\/wp\/v2\/media\/20816"}],"wp:attachment":[{"href":"https:\/\/gilpimentel.com.br\/site\/wp-json\/wp\/v2\/media?parent=20815"}],"wp:term":[{"taxonomy":"category","embeddable":true,"href":"https:\/\/gilpimentel.com.br\/site\/wp-json\/wp\/v2\/categories?post=20815"},{"taxonomy":"post_tag","embeddable":true,"href":"https:\/\/gilpimentel.com.br\/site\/wp-json\/wp\/v2\/tags?post=20815"}],"curies":[{"name":"wp","href":"https:\/\/api.w.org\/{rel}","templated":true}]}}