{"id":20257,"date":"2025-05-15T12:53:51","date_gmt":"2025-05-15T15:53:51","guid":{"rendered":"https:\/\/gilpimentel.com.br\/site\/?p=20257"},"modified":"2025-05-16T12:19:20","modified_gmt":"2025-05-16T15:19:20","slug":"noite-dos-museus-confirma-nona-edicao-para-o-segundo-semestre-deste-ano-com-recorde-de-espacos-participantes","status":"publish","type":"post","link":"https:\/\/gilpimentel.com.br\/site\/noite-dos-museus-confirma-nona-edicao-para-o-segundo-semestre-deste-ano-com-recorde-de-espacos-participantes\/","title":{"rendered":"NOITE DOS MUSEUS CONFIRMA NONA EDI\u00c7\u00c3O PARA O SEGUNDO SEMESTRE DESTE ANO COM RECORDE DE ESPA\u00c7OS PARTICIPANTES"},"content":{"rendered":"<p>Um dos eventos culturais mais aguardados pelos ga\u00fachos, o Noite dos Museus realizar\u00e1 sua nona edi\u00e7\u00e3o no dia 29 de novembro. A iniciativa, que vem batendo recordes de ades\u00e3o de p\u00fablico, tendo movimentado mais de 208 mil pessoas em 2024, contar\u00e1 neste ano com um n\u00famero ainda maior de institui\u00e7\u00f5es no circuito de visita\u00e7\u00e3o, com 28 espa\u00e7os culturais abertos das 18h at\u00e9 a meia-noite.<\/p>\n<p>&nbsp;<\/p>\n<p>&nbsp;<\/p>\n<p>&nbsp;<\/p>\n<p>Assim como nas outras edi\u00e7\u00f5es, ser\u00e1 poss\u00edvel conferir gratuitamente os acervos e as exposi\u00e7\u00f5es dos locais que integram a programa\u00e7\u00e3o, al\u00e9m de assistir a dezenas de shows, espet\u00e1culos e performances art\u00edsticas espalhadas por diversos pontos da cidade. Como fez no ano passado, o evento convidar\u00e1 os ga\u00fachos n\u00e3o s\u00f3 a se conectarem com os museus e as institui\u00e7\u00f5es culturais da capital, mas tamb\u00e9m com locais que foram severamente impactados pelas enchentes, como a Pra\u00e7a da Alf\u00e2ndega e a Rua dos Andradas, localizados no Centro Hist\u00f3rico, al\u00e9m de diversas outras regi\u00f5es, como o Quarto Distrito.<\/p>\n<p>&nbsp;<\/p>\n<p>&nbsp;<\/p>\n<p>&nbsp;<\/p>\n<p>\u201cEmbora j\u00e1 tenha passado um ano da enchente, a recupera\u00e7\u00e3o das atividades culturais e dos produtores, espa\u00e7os e artistas locais ainda \u00e9 lenta. E, com tudo o que aconteceu, \u00e9 ainda mais importante voltar o nosso olhar para as institui\u00e7\u00f5es culturais e valorizar o patrim\u00f4nio p\u00fablico. Nesta edi\u00e7\u00e3o, nosso objetivo \u00e9 reconstruir la\u00e7os e mem\u00f3rias com a nossa cidade\u201d, destaca Rodrigo Nascimento, idealizador do evento e presidente do Instituto Noite dos Museus.<\/p>\n<p>&nbsp;<\/p>\n<p>&nbsp;<\/p>\n<p>&nbsp;<\/p>\n<p>Voltam a fazer parte do evento neste ano o Centro Cultural da UFRGS, o Centro Hist\u00f3rico-Cultural Santa Casa, o Clube do Com\u00e9rcio de Porto Alegre, o Espa\u00e7o For\u00e7a e Luz, a Funda\u00e7\u00e3o Ecarta, a Galeria de Arte do DMAE, o Goethe-Institut Porto Alegre, o Instituto Caldeira, o Instituto de Cultura da PUCRS, o Memorial do Judici\u00e1rio do Rio Grande do Sul, o Memorial do Minist\u00e9rio P\u00fablico do Rio Grande do Sul, o Mercado P\u00fablico de Porto Alegre, o Museu da Brigada Militar do Rio Grande do Sul, o Museu da Cultura Hip Hop RS, o Museu da UFRGS, o Museu de Anatomia da UFCSPA \u2013 MAUPoA, o Museu de Arte do Pa\u00e7o \u2013 MAPA, o Museu Militar do Comando Militar do Sul, o Museu de Porto Alegre Joaquim Felizardo, o Pal\u00e1cio Piratini, a Pinacoteca Ruben Berta e o Planet\u00e1rio da UFRGS.<\/p>\n<p>&nbsp;<\/p>\n<p>&nbsp;<\/p>\n<p>&nbsp;<\/p>\n<p>Entre as novidades est\u00e3o seis institui\u00e7\u00f5es: o Arquivo P\u00fablico do Estado do Rio Grande do Sul, a Associa\u00e7\u00e3o Comercial de Porto Alegre \u2013 ACPA, o Col\u00e9gio Leonardo da Vinci \u2013 Alfa, o Memorial da Justi\u00e7a Eleitoral Ministro Teori Albino Zavascki, o Memorial do Tribunal de Contas do Estado do Rio Grande do Sul e o Museu Estadual Oficina de Criatividade do Hospital Psiqui\u00e1trico S\u00e3o Pedro.<\/p>\n<p>&nbsp;<\/p>\n<p>&nbsp;<\/p>\n<p>&nbsp;<\/p>\n<p>Como tem feito em todos os anos, o evento contar\u00e1 com uma programa\u00e7\u00e3o art\u00edstica especial para cada local participante, reunindo apresenta\u00e7\u00f5es dentro e fora dos espa\u00e7os, com atra\u00e7\u00f5es que dialogam com a identidade das institui\u00e7\u00f5es e com as mostras em exibi\u00e7\u00e3o. A programa\u00e7\u00e3o completa ser\u00e1 anunciada nos pr\u00f3ximos meses.<\/p>\n<p>&nbsp;<\/p>\n<p>&nbsp;<\/p>\n<p>&nbsp;<\/p>\n<p>O Noite dos Museus 2025 conta com financiamento da Lei Federal de Incentivo \u00e0 Cultura, planejamento e produ\u00e7\u00e3o da Rompecabezas, e realiza\u00e7\u00e3o do Instituto Noite dos Museus e do Minist\u00e9rio da Cultura, Governo Federal \u2013 Uni\u00e3o e Reconstru\u00e7\u00e3o.<\/p>\n<p>&nbsp;<\/p>\n<p>&nbsp;<\/p>\n<p>&nbsp;<\/p>\n<p>Servi\u00e7o<\/p>\n<p>&nbsp;<\/p>\n<p>9\u00aa edi\u00e7\u00e3o do Noite dos Museus<\/p>\n<p>&nbsp;<\/p>\n<p>Dia 29 de novembro, s\u00e1bado, das 18h at\u00e9 a meia-noite<\/p>\n<p>&nbsp;<\/p>\n<p>Gratuito<\/p>\n<p>&nbsp;<\/p>\n<p>&nbsp;<\/p>\n<p>&nbsp;<\/p>\n<p>Institui\u00e7\u00f5es participantes<\/p>\n<p>&nbsp;<\/p>\n<p>Arquivo P\u00fablico do Estado do Rio Grande do Sul (Rua Riachuelo, 1031 \u2013 Centro Hist\u00f3rico)<\/p>\n<p>&nbsp;<\/p>\n<p>Associa\u00e7\u00e3o Comercial de Porto Alegre \u2013 ACPA (Largo Visconde do Cair\u00fa, 17 \u2013 Centro Hist\u00f3rico)<\/p>\n<p>&nbsp;<\/p>\n<p>Centro Cultural da UFRGS (Rua Eng. Luiz Englert, 333 \u2013 Farroupilha)<\/p>\n<p>&nbsp;<\/p>\n<p>Centro Hist\u00f3rico-Cultural Santa Casa (Av. Independ\u00eancia, 75 \u2013 Independ\u00eancia)<\/p>\n<p>&nbsp;<\/p>\n<p>Clube do Com\u00e9rcio (Rua dos Andradas, 1085 \u2013 Centro Histo\u0301rico)<\/p>\n<p>&nbsp;<\/p>\n<p>Col\u00e9gio Leonardo da Vinci \u2013 Alfa (Rua Coronel Joaquim Pedro Salgado, 80 \u2013 Rio Branco)<\/p>\n<p>&nbsp;<\/p>\n<p>Espa\u00e7o For\u00e7a e Luz (Rua dos Andradas, 1223 \u2013 Centro Histo\u0301rico)<\/p>\n<p>&nbsp;<\/p>\n<p>Funda\u00e7\u00e3o Ecarta (Av. Jo\u00e3o Pessoa, 943 \u2013 Farroupilha)<\/p>\n<p>&nbsp;<\/p>\n<p>Galeria de Arte do DMAE (Rua 24 de Outubro, 200 \u2013 Moinhos de Vento)<\/p>\n<p>&nbsp;<\/p>\n<p>Goethe-Institut Porto Alegre (Rua 24 de Outubro, 112 \u2013 Moinhos de Vento)<\/p>\n<p>&nbsp;<\/p>\n<p>Instituto Caldeira (Travessa S\u00e3o Jos\u00e9, 455 \u2013 Navegantes)<\/p>\n<p>&nbsp;<\/p>\n<p>Instituto de Cultura da PUCRS (Av. Ipiranga, 6681 \u2013 Partenon)<\/p>\n<p>&nbsp;<\/p>\n<p>Memorial da Justi\u00e7a Eleitoral Ministro Teori Albino Zavascki (Rua Duque de Caxias, 350 \u2013 Centro Hist\u00f3rico)<\/p>\n<p>&nbsp;<\/p>\n<p>Memorial do Judici\u00e1rio do Rio Grande do Sul (Pra\u00e7a Mal. Deodoro, 55 \u2013 Centro Hist\u00f3rico)<\/p>\n<p>&nbsp;<\/p>\n<p>Memorial do Minist\u00e9rio P\u00fablico do Rio Grande do Sul (Pra\u00e7a Mal. Deodoro, 110 \u2013 Centro Hist\u00f3rico)<\/p>\n<p>&nbsp;<\/p>\n<p>Memorial do Tribunal de Contas do Estado do Rio Grande do Sul (Rua Sete de Setembro, 388 \u2013 Centro Hist\u00f3rico)<\/p>\n<p>&nbsp;<\/p>\n<p>Mercado P\u00fablico de Porto Alegre (Largo Gl\u00eanio Peres, 1 \u2013 Centro Hist\u00f3rico)<\/p>\n<p>&nbsp;<\/p>\n<p>Museu da Brigada Militar do Rio Grande do Sul (Rua dos Andradas, 498 \u2013 Centro Histo\u0301rico)<\/p>\n<p>&nbsp;<\/p>\n<p>Museu da Cultura Hip Hop RS (Rua Parque dos Nativos, 545 \u2013 Vila Ipiranga)<\/p>\n<p>&nbsp;<\/p>\n<p>Museu da UFRGS (Av. Osvaldo Aranha, 277 \u2013 Bom Fim)<\/p>\n<p>&nbsp;<\/p>\n<p>Museu de Anatomia da UFCSPA \u2013 MAUPoA (Rua Sarmento Leite, 245 \u2013 Centro Hist\u00f3rico)<\/p>\n<p>&nbsp;<\/p>\n<p>Museu de Arte do Pa\u00e7o \u2013 MAPA (Pra\u00e7a Montevid\u00e9u, 10 \u2013 Centro Hist\u00f3rico)<\/p>\n<p>&nbsp;<\/p>\n<p>Museu de Porto Alegre Joaquim Felizardo (Rua Jo\u00e3o Alfredo, 582 \u2013 Cidade Baixa)<\/p>\n<p>&nbsp;<\/p>\n<p>Museu Estadual Oficina de Criatividade do Hospital Psiqui\u00e1trico S\u00e3o Pedro (Av. Bento Gon\u00e7alves, 2460 \u2013 Partenon)<\/p>\n<p>&nbsp;<\/p>\n<p>Museu Militar do Comando Militar do Sul \u2013 MMCMS (Rua dos Andradas, 630 \u2013 Centro Histo\u0301rico)<\/p>\n<p>&nbsp;<\/p>\n<p>Pal\u00e1cio Piratini (Prac\u0327a Mal. Deodoro, s\/n\u00b0 \u2013 Centro Histo\u0301rico)<\/p>\n<p>&nbsp;<\/p>\n<p>Pinacoteca Ruben Berta (Rua Duque de Caxias, 973 \u2013 Centro Histo\u0301rico)<\/p>\n<p>&nbsp;<\/p>\n<p>Planet\u00e1rio da UFRGS ( Av. Ipiranga, 2000 \u2013 Santana)<\/p>\n","protected":false},"excerpt":{"rendered":"<p>Um dos eventos culturais mais aguardados pelos ga\u00fachos, o Noite dos Museus realizar\u00e1 sua nona edi\u00e7\u00e3o no dia 29 de novembro. A iniciativa, que vem &hellip; <\/p>\n","protected":false},"author":2,"featured_media":20279,"comment_status":"closed","ping_status":"closed","sticky":false,"template":"","format":"standard","meta":{"footnotes":""},"categories":[2],"tags":[],"class_list":["post-20257","post","type-post","status-publish","format-standard","has-post-thumbnail","hentry","category-noticias","latest_post"],"_links":{"self":[{"href":"https:\/\/gilpimentel.com.br\/site\/wp-json\/wp\/v2\/posts\/20257","targetHints":{"allow":["GET"]}}],"collection":[{"href":"https:\/\/gilpimentel.com.br\/site\/wp-json\/wp\/v2\/posts"}],"about":[{"href":"https:\/\/gilpimentel.com.br\/site\/wp-json\/wp\/v2\/types\/post"}],"author":[{"embeddable":true,"href":"https:\/\/gilpimentel.com.br\/site\/wp-json\/wp\/v2\/users\/2"}],"replies":[{"embeddable":true,"href":"https:\/\/gilpimentel.com.br\/site\/wp-json\/wp\/v2\/comments?post=20257"}],"version-history":[{"count":1,"href":"https:\/\/gilpimentel.com.br\/site\/wp-json\/wp\/v2\/posts\/20257\/revisions"}],"predecessor-version":[{"id":20258,"href":"https:\/\/gilpimentel.com.br\/site\/wp-json\/wp\/v2\/posts\/20257\/revisions\/20258"}],"wp:featuredmedia":[{"embeddable":true,"href":"https:\/\/gilpimentel.com.br\/site\/wp-json\/wp\/v2\/media\/20279"}],"wp:attachment":[{"href":"https:\/\/gilpimentel.com.br\/site\/wp-json\/wp\/v2\/media?parent=20257"}],"wp:term":[{"taxonomy":"category","embeddable":true,"href":"https:\/\/gilpimentel.com.br\/site\/wp-json\/wp\/v2\/categories?post=20257"},{"taxonomy":"post_tag","embeddable":true,"href":"https:\/\/gilpimentel.com.br\/site\/wp-json\/wp\/v2\/tags?post=20257"}],"curies":[{"name":"wp","href":"https:\/\/api.w.org\/{rel}","templated":true}]}}