{"id":19757,"date":"2025-05-12T12:06:42","date_gmt":"2025-05-12T15:06:42","guid":{"rendered":"https:\/\/gilpimentel.com.br\/site\/?p=19757"},"modified":"2025-05-11T21:08:08","modified_gmt":"2025-05-12T00:08:08","slug":"brasilia-recebe-exposicao-desassossego-um-mergulho-visual-nas-transformacoes-do-mundo-pos-pandemia","status":"publish","type":"post","link":"https:\/\/gilpimentel.com.br\/site\/brasilia-recebe-exposicao-desassossego-um-mergulho-visual-nas-transformacoes-do-mundo-pos-pandemia\/","title":{"rendered":"BRAS\u00cdLIA RECEBE EXPOSI\u00c7\u00c3O &#8220;DESASSOSSEGO&#8221;, UM MERGULHO VISUAL NAS TRANSFORMA\u00c7\u00d5ES DO MUNDO P\u00d3S-PANDEMIA"},"content":{"rendered":"<p>A artista visual e pesquisadora Sandra Gon\u00e7alves apresenta em Bras\u00edlia a exposi\u00e7\u00e3o Desassossego, uma reflex\u00e3o imag\u00e9tica sobre as transforma\u00e7\u00f5es e tens\u00f5es que marcaram o mundo ap\u00f3s a pandemia de Covid-19. Com curadoria de Let\u00edcia Lau, a mostra estar\u00e1 em cartaz de 13 de maio a 26 de junho de 2025, no Espa\u00e7o do Servidor \u2014 Anexo II da C\u00e2mara dos Deputados, com entrada gratuita.<\/p>\n<p>A exposi\u00e7\u00e3o \u00e9 composta por 14 fotografias e um v\u00eddeo, constru\u00eddos a partir de sobreposi\u00e7\u00f5es de camadas digitais e f\u00edsicas. A cor vermelha, predominante nas obras, simboliza sentimentos intensos como paix\u00e3o, perigo e puls\u00e3o de vida, evocando os afetos extremos despertados pelo contexto global da pandemia. As imagens prop\u00f5em uma experi\u00eancia sensorial e intelectual, convidando o p\u00fablico a revisitar o presente e refletir sobre as mudan\u00e7as sociais e subjetivas desencadeadas nos \u00faltimos anos.<\/p>\n<p>Produzida entre 2020 e 2024, a s\u00e9rie \u00e9 dividida em subs\u00e9ries intituladas Pandemia, Caos, Limbo, Besti\u00e1rio, Tudo dan\u00e7a, Transmuta\u00e7\u00e3o e Desassossego. Cada uma explora aspectos distintos da instabilidade social e pol\u00edtica intensificada pela crise sanit\u00e1ria. Para a curadora Let\u00edcia Lau, &#8220;a exposi\u00e7\u00e3o n\u00e3o pretende oferecer respostas, mas provocar deslocamentos. Em tempos de muros e exclus\u00f5es, essas imagens abrem espa\u00e7o para novas interpreta\u00e7\u00f5es do presente&#8221;.<\/p>\n<p>Sandra Gon\u00e7alves nasceu no Rio de Janeiro e vive em Porto Alegre desde 2005. Formada em Comunica\u00e7\u00e3o Visual pela Escola de Belas-Artes da UFRJ, possui mestrado e doutorado em Comunica\u00e7\u00e3o e Cultura pela mesma institui\u00e7\u00e3o, al\u00e9m de especializa\u00e7\u00e3o em Processos Curatoriais pelo Instituto de Artes da UFRGS. Professora titular de fotografia na Universidade Federal do Rio Grande do Sul (UFRGS), desenvolve pesquisas sobre imagem e contemporaneidade. \u00c9 autora dos fotolivros C\u00e1psula (Editora Origem, 2021) e La vie en Rouge (Cole\u00e7\u00e3o Photothings, 2024), obras que exploram tens\u00f5es sociais, culturais e ambientais da vida cotidiana.<\/p>\n<p>Desde sua primeira exposi\u00e7\u00e3o individual em 2000, no Pal\u00e1cio do Catete (RJ), Sandra participa ativamente da cena fotogr\u00e1fica brasileira, com mostras em institui\u00e7\u00f5es como o Museu de Arte Contempor\u00e2nea do RS, Funda\u00e7\u00e3o Iber\u00ea Camargo e Museu Oscar Niemeyer. Em Bras\u00edlia, Desassossego marca um convite para o p\u00fablico revisitar o presente sob uma nova perspectiva cr\u00edtica e sens\u00edvel.<\/p>\n<p>Servi\u00e7o<\/p>\n<p>Exposi\u00e7\u00e3o: Desassossego, de Sandra Gon\u00e7alves<br \/>\nCuradoria: Let\u00edcia Lau<br \/>\nVisita\u00e7\u00e3o: 13 de maio a 26 de junho de 2025<br \/>\nHor\u00e1rio: De segunda a sexta-feira, das 9h \u00e0s 17h<br \/>\nVisitas guiadas: Ter\u00e7a-feira, 13\/5, \u00e0s 18h; e quinta-feira, 15\/5, \u00e0s 16h<br \/>\nLocal: Espa\u00e7o do Servidor \u2014 Anexo II da C\u00e2mara dos Deputados, Bras\u00edlia\/DF<br \/>\nEntrada: Gratuita<\/p>\n","protected":false},"excerpt":{"rendered":"<p>A artista visual e pesquisadora Sandra Gon\u00e7alves apresenta em Bras\u00edlia a exposi\u00e7\u00e3o Desassossego, uma reflex\u00e3o imag\u00e9tica sobre as transforma\u00e7\u00f5es e tens\u00f5es que marcaram o mundo &hellip; <\/p>\n","protected":false},"author":2,"featured_media":19758,"comment_status":"closed","ping_status":"closed","sticky":false,"template":"","format":"standard","meta":{"footnotes":""},"categories":[2],"tags":[],"class_list":["post-19757","post","type-post","status-publish","format-standard","has-post-thumbnail","hentry","category-noticias","latest_post"],"_links":{"self":[{"href":"https:\/\/gilpimentel.com.br\/site\/wp-json\/wp\/v2\/posts\/19757","targetHints":{"allow":["GET"]}}],"collection":[{"href":"https:\/\/gilpimentel.com.br\/site\/wp-json\/wp\/v2\/posts"}],"about":[{"href":"https:\/\/gilpimentel.com.br\/site\/wp-json\/wp\/v2\/types\/post"}],"author":[{"embeddable":true,"href":"https:\/\/gilpimentel.com.br\/site\/wp-json\/wp\/v2\/users\/2"}],"replies":[{"embeddable":true,"href":"https:\/\/gilpimentel.com.br\/site\/wp-json\/wp\/v2\/comments?post=19757"}],"version-history":[{"count":1,"href":"https:\/\/gilpimentel.com.br\/site\/wp-json\/wp\/v2\/posts\/19757\/revisions"}],"predecessor-version":[{"id":19759,"href":"https:\/\/gilpimentel.com.br\/site\/wp-json\/wp\/v2\/posts\/19757\/revisions\/19759"}],"wp:featuredmedia":[{"embeddable":true,"href":"https:\/\/gilpimentel.com.br\/site\/wp-json\/wp\/v2\/media\/19758"}],"wp:attachment":[{"href":"https:\/\/gilpimentel.com.br\/site\/wp-json\/wp\/v2\/media?parent=19757"}],"wp:term":[{"taxonomy":"category","embeddable":true,"href":"https:\/\/gilpimentel.com.br\/site\/wp-json\/wp\/v2\/categories?post=19757"},{"taxonomy":"post_tag","embeddable":true,"href":"https:\/\/gilpimentel.com.br\/site\/wp-json\/wp\/v2\/tags?post=19757"}],"curies":[{"name":"wp","href":"https:\/\/api.w.org\/{rel}","templated":true}]}}