{"id":19618,"date":"2025-05-08T17:01:13","date_gmt":"2025-05-08T20:01:13","guid":{"rendered":"https:\/\/gilpimentel.com.br\/site\/?p=19618"},"modified":"2025-05-08T17:01:13","modified_gmt":"2025-05-08T20:01:13","slug":"3o-forum-de-turismo-60-contara-com-sete-novos-destinos-entre-os-expositores","status":"publish","type":"post","link":"https:\/\/gilpimentel.com.br\/site\/3o-forum-de-turismo-60-contara-com-sete-novos-destinos-entre-os-expositores\/","title":{"rendered":"3\u00ba F\u00d3RUM DE TURISMO 60+ CONTAR\u00c1 COM SETE NOVOS DESTINOS ENTRE OS EXPOSITORES"},"content":{"rendered":"<p>Com aumento de 40% de estandes em rela\u00e7\u00e3o \u00e0 edi\u00e7\u00e3o passada, o evento B2B acontecer\u00e1 em S\u00e3o Paulo no dia 26 de maio<\/p>\n<p>&nbsp;<\/p>\n<p>A 3\u00aa edi\u00e7\u00e3o do Expo F\u00f3rum de Turismo 60+ confirmou sete novos destinos que estar\u00e3o como expositores no evento: Bahia, Campos do Jord\u00e3o, Goi\u00e1s, Paran\u00e1, Pernambuco, Portugal e Rio Grande do Sul. S\u00e3o p\u00f3los tur\u00edsticos que est\u00e3o preparados para receber o turista s\u00eanior com roteiros direcionados e adaptados. Em estandes coloridos e repletos de informa\u00e7\u00f5es, cada um vai apresentar seus atrativos no evento B2B, que ser\u00e1 realizado em 26 de maio no Holiday Inn Anhembi, em S\u00e3o Paulo.<\/p>\n<p>&nbsp;<\/p>\n<p>Esta \u00e9 a maior feira do segmento, voltada para discutir, fomentar e promover as atividades tur\u00edsticas direcionadas para o p\u00fablico maior de 60 anos. Portugal chega como um dos destinos de destaque, a novidade internacional do F\u00f3rum, e Bahia, Campos do Jord\u00e3o, Goi\u00e1s, Paran\u00e1, Pernambuco e Rio Grande do Sul tamb\u00e9m se juntam aos demais tr\u00eas expositores da categoria Diamond.<\/p>\n<p>&nbsp;<\/p>\n<p>Os destinos confirmados pela primeira vez no F\u00f3rum v\u00eam investindo em qualifica\u00e7\u00e3o e inclus\u00e3o para receber melhor esse perfil de turista em expans\u00e3o, com roteiros adaptados, experi\u00eancias acolhedoras e infraestrutura pensada para atender as necessidades de quem tem mais de 60 anos e aproveita as oportunidades para viajar pelo Brasil e pelo mundo. Com paisagens naturais, roteiros culturais e uma oferta diversificada de experi\u00eancias, cada um dos destinos busca apresentar solu\u00e7\u00f5es acess\u00edveis e atrativas para o p\u00fablico maduro. A presen\u00e7a dos novos expositores reflete o crescente reconhecimento de que o viajante s\u00eanior \u00e9 ativo, exigente e representa uma importante fatia do mercado. Eles se juntam a outros 34 expositores que marcaram presen\u00e7a nas edi\u00e7\u00f5es anteriores da feira e mais uma vez ter\u00e3o novidades para os agentes de viagem.<\/p>\n<p>&nbsp;<\/p>\n<p>O clima ameno, a facilidade no idioma, a gastronomia extraordin\u00e1ria e a diversidade de paisagens fazem de Portugal um destino internacional muito interessante para o viajante s\u00eanior que busca tranquilidade e conforto. \u201cPortugal \u00e9 um pa\u00eds onde a hist\u00f3ria, a cultura e a hospitalidade se unem de forma \u00fanica para oferecer experi\u00eancias inesquec\u00edveis a todos &#8211; especialmente ao p\u00fablico 60+, que procura locais combinando autenticidade, seguran\u00e7a, qualidade de vida e emo\u00e7\u00f5es verdadeiras\u201d, destaca Bernardo Cardoso, diretor do Turismo de Portugal no Brasil.<\/p>\n<p>&nbsp;<\/p>\n<p>O pa\u00eds traz experi\u00eancias \u00fanicas, como o enoturismo nas regi\u00f5es do Porto e Alentejo, o turismo religioso e o turismo liter\u00e1rio, que leva cada viajante por palavras e hist\u00f3rias que moldaram a identidade brasileira. \u00c9 poss\u00edvel criar roteiros que respeitem os interesses e ritmos de cada viajante. \u201cEm Portugal, a idade \u00e9 apenas o come\u00e7o de novas descobertas. Queremos que possam viver experi\u00eancias ic\u00f4nicas, onde cada pessoa importa. Nunca \u00e9 tarde para descobrir, ou redescobrir, Portugal\u201d, completa Bernardo.<\/p>\n<p>&nbsp;<\/p>\n<p>Outro destino preparado para receber o turista 60+, desta vez no Brasil, \u00e9 a Bahia. \u201cO viajante s\u00eanior encontra no estado infraestrutura, servi\u00e7os qualificados e uma diversidade de experi\u00eancias, em in\u00fameros destinos que se encaixam no seu perfil. Para fortalecer esse segmento, o governo baiano promove capacita\u00e7\u00e3o para operadores e agentes de viagens, que s\u00e3o atualizados sobre as caracter\u00edsticas das 13 zonas tur\u00edsticas do estado, para o acolhimento desse p\u00fablico-alvo com foco em seguran\u00e7a e inclus\u00e3o\u201d, explica o secret\u00e1rio de Turismo da Bahia, Maur\u00edcio Bacelar.<\/p>\n<p>&nbsp;<\/p>\n<p>Ana Carolina Melo, idealizadora do F\u00f3rum de Turismo 60+, destaca que cada destino expositor vai apresentar as suas potencialidades para este p\u00fablico. \u201cS\u00e3o viajantes costumeiros ou potenciais que t\u00eam mais tempo livre e que movimentam no Brasil, aproximadamente, R$ 2 trilh\u00f5es por ano na economia. E cada vez mais empresas entendem a import\u00e2ncia da chamada economia prateada\u201d, ressalta. O evento re\u00fane agentes de viagem, operadoras e representantes do trade tur\u00edstico, e tem como principal objetivo capacitar profissionais e ampliar o debate sobre as oportunidades e os desafios de atender ao turista s\u00eanior. As inscri\u00e7\u00f5es est\u00e3o abertas e podem ser feitas diretamente no site (www.forumdeturismo60.com.br). O acesso ao evento requer a doa\u00e7\u00e3o de um quilo de alimento n\u00e3o perec\u00edvel ou um item de higiene pessoal e todos os itens arrecadados ser\u00e3o encaminhados para a institui\u00e7\u00e3o parceira do F\u00f3rum, o Instituto Velho Amigo.<\/p>\n<p>&nbsp;<\/p>\n<p>Servi\u00e7o:<\/p>\n<p>&nbsp;<\/p>\n<p>3\u00ba F\u00f3rum de Turismo 60+<\/p>\n<p>&nbsp;<\/p>\n<p>Data: 26 de maio de 2025<\/p>\n<p>&nbsp;<\/p>\n<p>Local: Holiday Inn Anhembi &#8211; Rua Prof. Milton Rodrigues, 100, Parque Anhembi, S\u00e3o Paulo (SP)<\/p>\n<p>&nbsp;<\/p>\n<p>Site e Instagram: www.forumdeturismo60.com.br e @forumdeturismo60<\/p>\n","protected":false},"excerpt":{"rendered":"<p>Com aumento de 40% de estandes em rela\u00e7\u00e3o \u00e0 edi\u00e7\u00e3o passada, o evento B2B acontecer\u00e1 em S\u00e3o Paulo no dia 26 de maio &nbsp; A &hellip; <\/p>\n","protected":false},"author":2,"featured_media":19619,"comment_status":"closed","ping_status":"closed","sticky":false,"template":"","format":"standard","meta":{"footnotes":""},"categories":[2],"tags":[],"class_list":["post-19618","post","type-post","status-publish","format-standard","has-post-thumbnail","hentry","category-noticias","latest_post"],"_links":{"self":[{"href":"https:\/\/gilpimentel.com.br\/site\/wp-json\/wp\/v2\/posts\/19618","targetHints":{"allow":["GET"]}}],"collection":[{"href":"https:\/\/gilpimentel.com.br\/site\/wp-json\/wp\/v2\/posts"}],"about":[{"href":"https:\/\/gilpimentel.com.br\/site\/wp-json\/wp\/v2\/types\/post"}],"author":[{"embeddable":true,"href":"https:\/\/gilpimentel.com.br\/site\/wp-json\/wp\/v2\/users\/2"}],"replies":[{"embeddable":true,"href":"https:\/\/gilpimentel.com.br\/site\/wp-json\/wp\/v2\/comments?post=19618"}],"version-history":[{"count":1,"href":"https:\/\/gilpimentel.com.br\/site\/wp-json\/wp\/v2\/posts\/19618\/revisions"}],"predecessor-version":[{"id":19620,"href":"https:\/\/gilpimentel.com.br\/site\/wp-json\/wp\/v2\/posts\/19618\/revisions\/19620"}],"wp:featuredmedia":[{"embeddable":true,"href":"https:\/\/gilpimentel.com.br\/site\/wp-json\/wp\/v2\/media\/19619"}],"wp:attachment":[{"href":"https:\/\/gilpimentel.com.br\/site\/wp-json\/wp\/v2\/media?parent=19618"}],"wp:term":[{"taxonomy":"category","embeddable":true,"href":"https:\/\/gilpimentel.com.br\/site\/wp-json\/wp\/v2\/categories?post=19618"},{"taxonomy":"post_tag","embeddable":true,"href":"https:\/\/gilpimentel.com.br\/site\/wp-json\/wp\/v2\/tags?post=19618"}],"curies":[{"name":"wp","href":"https:\/\/api.w.org\/{rel}","templated":true}]}}