{"id":18381,"date":"2025-04-14T00:01:14","date_gmt":"2025-04-14T03:01:14","guid":{"rendered":"https:\/\/gilpimentel.com.br\/site\/?p=18381"},"modified":"2025-04-14T22:18:18","modified_gmt":"2025-04-15T01:18:18","slug":"1o-almoco-das-damas-do-mato-grosso","status":"publish","type":"post","link":"https:\/\/gilpimentel.com.br\/site\/1o-almoco-das-damas-do-mato-grosso\/","title":{"rendered":"1\u00ba ALMO\u00c7O DAS DAMAS DO MATO GROSSO\u00a0"},"content":{"rendered":"<p>Colunista Alagoana Aninha Monteiro lan\u00e7ou seu projeto, Damas das Alagoas em Cuiab\u00e1.<\/p>\n<p>&nbsp;<\/p>\n<p>O primeira Damas de Mato Grosso aconteceu no dia 11 de Abril, no restaurante Mahalo. Com presen\u00e7a de mulheres do estado. O certificado e um s\u00edmbolo de admira\u00e7\u00e3o e reconhecimento entregue a cada uma mulher que foi agraciada.<\/p>\n<p>Aninha Monteiro \u00e9 Embaixadora do Turismo de Macei\u00f3 e Presidente de Honra dos Colunistas Sociais do Brasil \u00e9 autora do projeto DAMAS DAS ALAGOAS, que esta na sua 5\u00aa edi\u00e7\u00e3o em Macei\u00f3. E passar\u00e1 para os estados estarem tamb\u00e9m com este projeto para certificarem as mulheres.<\/p>\n<p>No Mato Grosso a jornalista e colunista social Dalva Costa abra\u00e7ou o projeto e realizou Damas de Mato Grosso!<\/p>\n<p>O cerimonial impec\u00e1vel assinado por Agda Catul\u00e9<\/p>\n<p>Fotografo Arthur Passos o querido da sociedade<\/p>\n<p>A Splendore Musical by Adrya Almeida arasou, com seus m\u00fasicos impec\u00e1veis e repert\u00f3rio de primeira<\/p>\n<p>O card\u00e1pio assinado pela renomada Ariane Malouf , estava tudo impec\u00e1vel.<\/p>\n<p>&nbsp;<\/p>\n<p>As damas que receberam o certificado:<\/p>\n<p>&nbsp;<\/p>\n<p>1. Samantha Iris<\/p>\n<p>Primeira-dama de Cuiab\u00e1, e a vereadora mais votada da hist\u00f3ria da capital<\/p>\n<p>&nbsp;<\/p>\n<p>2. Flavia Moretti<\/p>\n<p>Prefeita de V\u00e1rzea Grande<\/p>\n<p>&nbsp;<\/p>\n<p>3. Ang\u00e9lica Lima Canteiro Brinsken<\/p>\n<p>Primeira-dama da primeira capital de Mato Grosso, Vila Bela da Sant\u00edssima Trindade<\/p>\n<p>&nbsp;<\/p>\n<p>5. Mariene de Abreu Fagundes<\/p>\n<p>Empres\u00e1ria<\/p>\n<p>&nbsp;<\/p>\n<p>5. Rosangela Pereira<\/p>\n<p>Secret\u00e1ria de Industria, Com\u00e9rcio e Turismo de S\u00e3o Jos\u00e9 do Rio Claro<\/p>\n<p>&nbsp;<\/p>\n<p>6. Id\u00ea Guimar\u00e3es<\/p>\n<p>Empres\u00e1ria do Calc\u00e1rio<\/p>\n<p>&nbsp;<\/p>\n<p>7. Thayana Maggi<\/p>\n<p>Empres\u00e1ria do agroneg\u00f3cio<\/p>\n<p>&nbsp;<\/p>\n<p>8. Tatiane Barros Ramalho<\/p>\n<p>Advogada, Presidente do IMAN (INSTITUTO MATO-GROSSENSE DE ADVOCACIA NETWORK)<\/p>\n<p>&nbsp;<\/p>\n<p>9. Claudia Aquino<\/p>\n<p>Advogada, propriet\u00e1ria da Aquino Advocacia<\/p>\n<p>&nbsp;<\/p>\n<p>10. Flaviane Ramalho<\/p>\n<p>Advogada do Agroneg\u00f3cio de Sapezal<\/p>\n<p>&nbsp;<\/p>\n<p>11. Terezinha Zompero<\/p>\n<p>Empres\u00e1ria do segmento de materiais el\u00e9tricos, Hidr\u00e1ulicos e ilumina\u00e7\u00e3o<\/p>\n<p>&nbsp;<\/p>\n<p>12. Cleuzete Bernardes<\/p>\n<p>Empres\u00e1ria de Moda<\/p>\n<p>&nbsp;<\/p>\n<p>13. Leila Malouf<\/p>\n<p>Empres\u00e1ria. Banqueteira<\/p>\n<p>&nbsp;<\/p>\n<p>14. Carla Rodrigues<\/p>\n<p>Psic\u00f3loga<\/p>\n","protected":false},"excerpt":{"rendered":"<p>Colunista Alagoana Aninha Monteiro lan\u00e7ou seu projeto, Damas das Alagoas em Cuiab\u00e1. &nbsp; O primeira Damas de Mato Grosso aconteceu no dia 11 de Abril, &hellip; <\/p>\n","protected":false},"author":2,"featured_media":18382,"comment_status":"closed","ping_status":"closed","sticky":false,"template":"","format":"standard","meta":{"footnotes":""},"categories":[2],"tags":[],"class_list":["post-18381","post","type-post","status-publish","format-standard","has-post-thumbnail","hentry","category-noticias","latest_post"],"_links":{"self":[{"href":"https:\/\/gilpimentel.com.br\/site\/wp-json\/wp\/v2\/posts\/18381","targetHints":{"allow":["GET"]}}],"collection":[{"href":"https:\/\/gilpimentel.com.br\/site\/wp-json\/wp\/v2\/posts"}],"about":[{"href":"https:\/\/gilpimentel.com.br\/site\/wp-json\/wp\/v2\/types\/post"}],"author":[{"embeddable":true,"href":"https:\/\/gilpimentel.com.br\/site\/wp-json\/wp\/v2\/users\/2"}],"replies":[{"embeddable":true,"href":"https:\/\/gilpimentel.com.br\/site\/wp-json\/wp\/v2\/comments?post=18381"}],"version-history":[{"count":1,"href":"https:\/\/gilpimentel.com.br\/site\/wp-json\/wp\/v2\/posts\/18381\/revisions"}],"predecessor-version":[{"id":18383,"href":"https:\/\/gilpimentel.com.br\/site\/wp-json\/wp\/v2\/posts\/18381\/revisions\/18383"}],"wp:featuredmedia":[{"embeddable":true,"href":"https:\/\/gilpimentel.com.br\/site\/wp-json\/wp\/v2\/media\/18382"}],"wp:attachment":[{"href":"https:\/\/gilpimentel.com.br\/site\/wp-json\/wp\/v2\/media?parent=18381"}],"wp:term":[{"taxonomy":"category","embeddable":true,"href":"https:\/\/gilpimentel.com.br\/site\/wp-json\/wp\/v2\/categories?post=18381"},{"taxonomy":"post_tag","embeddable":true,"href":"https:\/\/gilpimentel.com.br\/site\/wp-json\/wp\/v2\/tags?post=18381"}],"curies":[{"name":"wp","href":"https:\/\/api.w.org\/{rel}","templated":true}]}}