{"id":17806,"date":"2025-03-27T23:24:27","date_gmt":"2025-03-28T02:24:27","guid":{"rendered":"https:\/\/gilpimentel.com.br\/site\/?p=17806"},"modified":"2025-03-26T21:25:21","modified_gmt":"2025-03-27T00:25:21","slug":"mais-de-140-quilos-de-residuos-sao-retirados-do-rio-iguacu-na-regiao-das-cataratas","status":"publish","type":"post","link":"https:\/\/gilpimentel.com.br\/site\/mais-de-140-quilos-de-residuos-sao-retirados-do-rio-iguacu-na-regiao-das-cataratas\/","title":{"rendered":"MAIS DE 140 QUILOS DE RES\u00cdDUOS S\u00c3O RETIRADOS DO RIO IGUA\u00c7U NA REGI\u00c3O DAS CATARATAS"},"content":{"rendered":"<p>Isopor, garrafas, sacos pl\u00e1sticos e at\u00e9 uma geladeira estavam entre os itens recolhidos<\/p>\n<p>&nbsp;<\/p>\n<p>Na sexta-feira, 21 de mar\u00e7o, o Parque Nacional do Igua\u00e7u e a concession\u00e1ria respons\u00e1vel pela gest\u00e3o tur\u00edstica, Urbia Cataratas, realizaram uma opera\u00e7\u00e3o de limpeza no trecho superior do Rio Igua\u00e7u em celebra\u00e7\u00e3o ao Dia Internacional das Florestas (21) e Dia Mundial da \u00c1gua (22). Oito volunt\u00e1rios, entre funcion\u00e1rios da Urbia Cataratas, ICMBio e Macuco Safari, recolheram 142,16 quilos de lixo em quatro horas de trabalho.<\/p>\n<p>&nbsp;<\/p>\n<p>Entre os res\u00edduos encontrados estavam sacos pl\u00e1sticos, garrafas de pl\u00e1stico e vidro, cal\u00e7ados, redes, cordas, uma torneira, embalagens de isopor, latas de alum\u00ednio, brinquedos e uma caixa de roda de carro. Outros res\u00edduos contaminantes, como gal\u00f5es de agrot\u00f3xico e de \u00f3leo lubrificante, assim como um frigobar, foram retirados das margens. Os res\u00edduos s\u00f3lidos ser\u00e3o encaminhados a centrais de reciclagem para separa\u00e7\u00e3o e destina\u00e7\u00e3o. Os res\u00edduos perigosos, como o lixo eletr\u00f4nico, seguir\u00e3o para tratamento.<\/p>\n<p>&nbsp;<\/p>\n<p>Para o gerente de Sustentabilidade da Urbia Cataratas, Andr\u00e9 Franzini, a limpeza \u00e9 uma pequena a\u00e7\u00e3o frente a toda a causa da prote\u00e7\u00e3o ambiental. \u201cAl\u00e9m da prote\u00e7\u00e3o do ecossistema e da biodiversidade, o prop\u00f3sito \u00e9 sensibilizar as pessoas sobre a destina\u00e7\u00e3o correta dos res\u00edduos. Esse \u00e9 um exemplo claro de que quando n\u00e3o descartamos corretamente, eles se aglomeram. Nesse caso, mais do que impactar diretamente a fauna e a flora, impactam o Patrim\u00f4nio Mundial Natural, o Parque Nacional do Igua\u00e7u.\u201d<\/p>\n<p>&nbsp;<\/p>\n<p>Al\u00e9m de formar as Cataratas do Igua\u00e7u, Maravilha Mundial da Natureza, o Rio Igua\u00e7u, cujo nome em tupi-guarani significa \u201c\u00e1gua grande\u201d, \u00e9 o principal curso d\u2019\u00e1gua do Paran\u00e1. Tem nascentes na Serra do Mar, perto da capital, Curitiba, e atravessa todo o estado. Nesse caminho, os res\u00edduos se acumulam durante o percurso e acabam chegando \u00e0s margens e \u00e0s ra\u00edzes das \u00e1rvores da Mata Atl\u00e2ntica.<\/p>\n<p>&nbsp;<\/p>\n<p>O colaborador Marco Aurelio Alves contribuiu na limpeza. \u201cN\u00e3o \u00e9 algo feito apenas para o parque, mas pela vida. \u00c9 muito gratificante ter esse contato com a natureza e saber que agora esses res\u00edduos n\u00e3o v\u00e3o mais ficar por anos se decompondo por anos e poluindo. Quem sabe, a gente pode fazer muito mais no futuro?\u201d, comemora.<\/p>\n<p>&nbsp;<\/p>\n<p>Datas comemorativas \u2013 Em 21 de mar\u00e7o, comemora-se o Dia Internacional das Florestas, para conscientizar sobre a import\u00e2ncia de todos os tipos de matas. O dia 22 de mar\u00e7o, Dia Mundial da \u00c1gua, foi criado para reflex\u00e3o sobre a prote\u00e7\u00e3o dos recursos h\u00eddricos de forma global. As duas datas foram institu\u00eddas pela ONU, Organiza\u00e7\u00e3o das Na\u00e7\u00f5es Unidas.<\/p>\n<p>&nbsp;<\/p>\n<p>Sobre o Parque Nacional do Igua\u00e7u \u2013 O Parna Igua\u00e7u, administrado pelo Instituto Chico Mendes de Conserva\u00e7\u00e3o da Biodiversidade (ICMBio), \u00e9 uma unidade de conserva\u00e7\u00e3o federal. Tem a gest\u00e3o da visita\u00e7\u00e3o tur\u00edstica da concession\u00e1ria Urbia Cataratas S.A. \u00c9 um Patrim\u00f4nio Mundial Natural da UNESCO e uma refer\u00eancia internacional em turismo sustent\u00e1vel. As Cataratas do Igua\u00e7u, principal cen\u00e1rio do parque, foram o segundo atrativo brasileiro mais procurado no ano passado.<\/p>\n","protected":false},"excerpt":{"rendered":"<p>Isopor, garrafas, sacos pl\u00e1sticos e at\u00e9 uma geladeira estavam entre os itens recolhidos &nbsp; Na sexta-feira, 21 de mar\u00e7o, o Parque Nacional do Igua\u00e7u e &hellip; <\/p>\n","protected":false},"author":2,"featured_media":17807,"comment_status":"closed","ping_status":"closed","sticky":false,"template":"","format":"standard","meta":{"footnotes":""},"categories":[2],"tags":[],"class_list":["post-17806","post","type-post","status-publish","format-standard","has-post-thumbnail","hentry","category-noticias","latest_post"],"_links":{"self":[{"href":"https:\/\/gilpimentel.com.br\/site\/wp-json\/wp\/v2\/posts\/17806","targetHints":{"allow":["GET"]}}],"collection":[{"href":"https:\/\/gilpimentel.com.br\/site\/wp-json\/wp\/v2\/posts"}],"about":[{"href":"https:\/\/gilpimentel.com.br\/site\/wp-json\/wp\/v2\/types\/post"}],"author":[{"embeddable":true,"href":"https:\/\/gilpimentel.com.br\/site\/wp-json\/wp\/v2\/users\/2"}],"replies":[{"embeddable":true,"href":"https:\/\/gilpimentel.com.br\/site\/wp-json\/wp\/v2\/comments?post=17806"}],"version-history":[{"count":1,"href":"https:\/\/gilpimentel.com.br\/site\/wp-json\/wp\/v2\/posts\/17806\/revisions"}],"predecessor-version":[{"id":17808,"href":"https:\/\/gilpimentel.com.br\/site\/wp-json\/wp\/v2\/posts\/17806\/revisions\/17808"}],"wp:featuredmedia":[{"embeddable":true,"href":"https:\/\/gilpimentel.com.br\/site\/wp-json\/wp\/v2\/media\/17807"}],"wp:attachment":[{"href":"https:\/\/gilpimentel.com.br\/site\/wp-json\/wp\/v2\/media?parent=17806"}],"wp:term":[{"taxonomy":"category","embeddable":true,"href":"https:\/\/gilpimentel.com.br\/site\/wp-json\/wp\/v2\/categories?post=17806"},{"taxonomy":"post_tag","embeddable":true,"href":"https:\/\/gilpimentel.com.br\/site\/wp-json\/wp\/v2\/tags?post=17806"}],"curies":[{"name":"wp","href":"https:\/\/api.w.org\/{rel}","templated":true}]}}