{"id":16236,"date":"2025-02-20T13:29:38","date_gmt":"2025-02-20T16:29:38","guid":{"rendered":"https:\/\/gilpimentel.com.br\/site\/?p=16236"},"modified":"2025-02-20T13:29:38","modified_gmt":"2025-02-20T16:29:38","slug":"salao-internacional-de-humor-de-piracicaba-recebe-exposicao-de-cartuns-brasil-italia-sobre-o-carnaval","status":"publish","type":"post","link":"https:\/\/gilpimentel.com.br\/site\/salao-internacional-de-humor-de-piracicaba-recebe-exposicao-de-cartuns-brasil-italia-sobre-o-carnaval\/","title":{"rendered":"SAL\u00c3O INTERNACIONAL DE HUMOR DE PIRACICABA RECEBE EXPOSI\u00c7\u00c3O DE CARTUNS BRASIL-IT\u00c1LIA SOBRE O CARNAVAL"},"content":{"rendered":"<p>Mostra in\u00e9dita celebra os 150 anos da imigra\u00e7\u00e3o italiana no Brasil e acontece simultaneamente em Piracicaba e Floren\u00e7a<\/p>\n<p>&nbsp;<\/p>\n<p>O Sal\u00e3o Internacional de Humor de Piracicaba receber\u00e1 a exposi\u00e7\u00e3o \u201cCarnaval &#8211; Cores nas Ruas\u201d, que ir\u00e1 reunir 100 cartunistas do Brasil e da It\u00e1lia para retratar as festividades carnavalescas dos dois pa\u00edses. A mostra faz parte das comemora\u00e7\u00f5es pelos 150 anos da imigra\u00e7\u00e3o italiana no Brasil, e acontecer\u00e1 simultaneamente no Engenho Central, em Piracicaba\/SP, e em um shopping de Floren\u00e7a, na It\u00e1lia, entre os dias 26 de fevereiro a 15 de mar\u00e7o.<\/p>\n<p>&nbsp;<\/p>\n<p>A exposi\u00e7\u00e3o celebra a conex\u00e3o cultural entre os dois pa\u00edses e destaca a influ\u00eancia da imigra\u00e7\u00e3o italiana na cultura brasileira. Cinquenta artistas italianos ilustram o Carnaval europeu, enquanto cinquenta brasileiros apresentam suas vis\u00f5es sobre a folia nacional, promovendo um di\u00e1logo visual din\u00e2mico e envolvente.<\/p>\n<p>&nbsp;<\/p>\n<p>&#8220;Piracicaba foi escolhida para esta exposi\u00e7\u00e3o pelo prest\u00edgio do Sal\u00e3o Internacional de Humor e sua forte liga\u00e7\u00e3o com a col\u00f4nia italiana. O evento fortalece os la\u00e7os culturais entre Brasil e It\u00e1lia e valoriza a tradi\u00e7\u00e3o carnavalesca por meio do humor e da arte&#8221;, afirma o curador da mostra e presidente da Associa\u00e7\u00e3o dos Cartunistas do Brasil, Jos\u00e9 Alberto Lovetro. A curadoria italiana est\u00e1 a cargo de Giuseppe Ciarallo, com o suporte de Paolo Lombardi, Davide Morena e Alessio Atrei.<\/p>\n<p>&nbsp;<\/p>\n<p>O evento conta com o apoio da Prefeitura de Piracicaba, por meio da Secretaria de Cultura. Enquanto a vers\u00e3o italiana da mostra contar\u00e1 com um cat\u00e1logo impresso; no Brasil, haver\u00e1 um cat\u00e1logo virtual que ser\u00e1 divulgado em breve.<\/p>\n<p>&nbsp;<\/p>\n<p>Para o publicit\u00e1rio e respons\u00e1vel pelo Sal\u00e3o de Humor, J\u00fanior Kadesh, a exposi\u00e7\u00e3o refor\u00e7a a identidade hist\u00f3rica de Piracicaba. &#8220;A cidade tem duas grandes col\u00f4nias italianas, Santana e Santa Ol\u00edmpia, al\u00e9m de muitos descendentes espalhados por toda a regi\u00e3o. A alegria e a for\u00e7a dos dois povos se unem nesta exposi\u00e7\u00e3o, transformando o humor gr\u00e1fico em uma grande festa carnavalesca&#8221;, destaca.<\/p>\n<p>&nbsp;<\/p>\n<p>A abertura oficial da exposi\u00e7\u00e3o no Engenho Central contar\u00e1 com a presen\u00e7a de artistas, entusiastas do humor e amantes do Carnaval, consolidando Piracicaba como refer\u00eancia nacional no humor gr\u00e1fico e nas celebra\u00e7\u00f5es culturais.<\/p>\n<p>&nbsp;<\/p>\n<p>SERVI\u00c7O<\/p>\n<p>&nbsp;<\/p>\n<p>Exposi\u00e7\u00e3o Carnaval &#8211; Cores nas Ruas<\/p>\n<p>&nbsp;<\/p>\n<p>Engenho Central, Piracicaba &#8211; SP<\/p>\n<p>&nbsp;<\/p>\n<p>De 26\/02 a 15\/03\/2025<\/p>\n<p>&nbsp;<\/p>\n<p>Visita\u00e7\u00e3o de ter\u00e7a a domingo, das 10h \u00e0s 18h<\/p>\n<p>&nbsp;<\/p>\n<p>Entrada gratuita<\/p>\n<p>&nbsp;<\/p>\n<p>Informa\u00e7\u00f5es pelo telefone (19) 3403-2615<\/p>\n","protected":false},"excerpt":{"rendered":"<p>Mostra in\u00e9dita celebra os 150 anos da imigra\u00e7\u00e3o italiana no Brasil e acontece simultaneamente em Piracicaba e Floren\u00e7a &nbsp; O Sal\u00e3o Internacional de Humor de &hellip; <\/p>\n","protected":false},"author":2,"featured_media":16237,"comment_status":"closed","ping_status":"closed","sticky":false,"template":"","format":"standard","meta":{"footnotes":""},"categories":[2],"tags":[],"class_list":["post-16236","post","type-post","status-publish","format-standard","has-post-thumbnail","hentry","category-noticias","latest_post"],"_links":{"self":[{"href":"https:\/\/gilpimentel.com.br\/site\/wp-json\/wp\/v2\/posts\/16236","targetHints":{"allow":["GET"]}}],"collection":[{"href":"https:\/\/gilpimentel.com.br\/site\/wp-json\/wp\/v2\/posts"}],"about":[{"href":"https:\/\/gilpimentel.com.br\/site\/wp-json\/wp\/v2\/types\/post"}],"author":[{"embeddable":true,"href":"https:\/\/gilpimentel.com.br\/site\/wp-json\/wp\/v2\/users\/2"}],"replies":[{"embeddable":true,"href":"https:\/\/gilpimentel.com.br\/site\/wp-json\/wp\/v2\/comments?post=16236"}],"version-history":[{"count":1,"href":"https:\/\/gilpimentel.com.br\/site\/wp-json\/wp\/v2\/posts\/16236\/revisions"}],"predecessor-version":[{"id":16238,"href":"https:\/\/gilpimentel.com.br\/site\/wp-json\/wp\/v2\/posts\/16236\/revisions\/16238"}],"wp:featuredmedia":[{"embeddable":true,"href":"https:\/\/gilpimentel.com.br\/site\/wp-json\/wp\/v2\/media\/16237"}],"wp:attachment":[{"href":"https:\/\/gilpimentel.com.br\/site\/wp-json\/wp\/v2\/media?parent=16236"}],"wp:term":[{"taxonomy":"category","embeddable":true,"href":"https:\/\/gilpimentel.com.br\/site\/wp-json\/wp\/v2\/categories?post=16236"},{"taxonomy":"post_tag","embeddable":true,"href":"https:\/\/gilpimentel.com.br\/site\/wp-json\/wp\/v2\/tags?post=16236"}],"curies":[{"name":"wp","href":"https:\/\/api.w.org\/{rel}","templated":true}]}}