{"id":13078,"date":"2024-12-23T15:25:25","date_gmt":"2024-12-23T18:25:25","guid":{"rendered":"https:\/\/gilpimentel.com.br\/site\/?p=13078"},"modified":"2024-12-23T15:23:34","modified_gmt":"2024-12-23T18:23:34","slug":"natal-da-orla-celebracao-natalina-movimentou-o-cais-embarcadero","status":"publish","type":"post","link":"https:\/\/gilpimentel.com.br\/site\/natal-da-orla-celebracao-natalina-movimentou-o-cais-embarcadero\/","title":{"rendered":"NATAL DA ORLA: CELEBRA\u00c7\u00c3O NATALINA MOVIMENTOU O CAIS EMBARCADERO"},"content":{"rendered":"<p>&nbsp;<\/p>\n<p>Mais de 20 mil pessoas prestigiaram o Natal da Orla, evento apresentado pela Secretaria da Cultura, com patroc\u00ednio da Stella Artois e o financiamento atrav\u00e9s do Pro-Cultura LIC RS, que aconteceu de 19 a 21 de dezembro, no Cais Embarcadero. Trazendo o clima natalino para cada fam\u00edlia que passou por l\u00e1, o espa\u00e7o foi decorado com uma ilumina\u00e7\u00e3o especial, \u00e1rvore de Natal, al\u00e9m de espa\u00e7os l\u00fadicos para as crian\u00e7as.<\/p>\n<p>&nbsp;<\/p>\n<p>O evento gratuito movimentou a cidade com uma variedade de 24 apresenta\u00e7\u00f5es, potencializando o desenvolvimento multicultural, com conta\u00e7\u00e3o de hist\u00f3rias, atra\u00e7\u00f5es natalinas de coral, teatro, dan\u00e7a, orquestras e a participa\u00e7\u00e3o de grupos locais. A programa\u00e7\u00e3o contou com shows de Claus e Vanessa, Tati Portella, Tributo a Tim Maia, Bibiana Petek, Banda Motherfunky e diversos outros espet\u00e1culos.<\/p>\n","protected":false},"excerpt":{"rendered":"<p>&nbsp; Mais de 20 mil pessoas prestigiaram o Natal da Orla, evento apresentado pela Secretaria da Cultura, com patroc\u00ednio da Stella Artois e o financiamento &hellip; <\/p>\n","protected":false},"author":2,"featured_media":13079,"comment_status":"closed","ping_status":"closed","sticky":false,"template":"","format":"standard","meta":{"footnotes":""},"categories":[2],"tags":[],"class_list":["post-13078","post","type-post","status-publish","format-standard","has-post-thumbnail","hentry","category-noticias","latest_post"],"_links":{"self":[{"href":"https:\/\/gilpimentel.com.br\/site\/wp-json\/wp\/v2\/posts\/13078","targetHints":{"allow":["GET"]}}],"collection":[{"href":"https:\/\/gilpimentel.com.br\/site\/wp-json\/wp\/v2\/posts"}],"about":[{"href":"https:\/\/gilpimentel.com.br\/site\/wp-json\/wp\/v2\/types\/post"}],"author":[{"embeddable":true,"href":"https:\/\/gilpimentel.com.br\/site\/wp-json\/wp\/v2\/users\/2"}],"replies":[{"embeddable":true,"href":"https:\/\/gilpimentel.com.br\/site\/wp-json\/wp\/v2\/comments?post=13078"}],"version-history":[{"count":1,"href":"https:\/\/gilpimentel.com.br\/site\/wp-json\/wp\/v2\/posts\/13078\/revisions"}],"predecessor-version":[{"id":13080,"href":"https:\/\/gilpimentel.com.br\/site\/wp-json\/wp\/v2\/posts\/13078\/revisions\/13080"}],"wp:featuredmedia":[{"embeddable":true,"href":"https:\/\/gilpimentel.com.br\/site\/wp-json\/wp\/v2\/media\/13079"}],"wp:attachment":[{"href":"https:\/\/gilpimentel.com.br\/site\/wp-json\/wp\/v2\/media?parent=13078"}],"wp:term":[{"taxonomy":"category","embeddable":true,"href":"https:\/\/gilpimentel.com.br\/site\/wp-json\/wp\/v2\/categories?post=13078"},{"taxonomy":"post_tag","embeddable":true,"href":"https:\/\/gilpimentel.com.br\/site\/wp-json\/wp\/v2\/tags?post=13078"}],"curies":[{"name":"wp","href":"https:\/\/api.w.org\/{rel}","templated":true}]}}